{"id":1008,"date":"2021-03-30T23:54:52","date_gmt":"2021-03-30T23:54:52","guid":{"rendered":"http:\/\/90-9fm.com\/wp\/?p=1008"},"modified":"2021-03-30T23:55:32","modified_gmt":"2021-03-30T23:55:32","slug":"operacion-comercial-y-de-oficinas-en-guayaquil-sera-hasta-las-1600","status":"publish","type":"post","link":"https:\/\/90-9fm.com\/wp\/2021\/03\/30\/operacion-comercial-y-de-oficinas-en-guayaquil-sera-hasta-las-1600\/","title":{"rendered":"Operaci\u00f3n comercial y de oficinas en Guayaquil ser\u00e1 hasta las 16:00"},"content":{"rendered":"<p>El Comit\u00e9 de Operaciones de Emergencia (COE) Cantonal de Guayaquil resolvi\u00f3 que la operaci\u00f3n comercial y el horario de trabajo de las oficinas p\u00fablicas y privadas en la ciudad ser\u00e1 hasta las 16:00. La entidad apoy\u00f3 el pedido realizado por la alcaldesa Cynthia Viteri, como medida de prevenci\u00f3n contra el covid-19. Estas resoluciones entrar\u00e1n en vigencia desde las 00:0 del mi\u00e9rcoles 31 de marzo de 2021.<\/p>\n<p><!--more--><\/p>\n<p>En la sesi\u00f3n realizada la tarde de este martes 30 de marzo de 2021, el COE aprob\u00f3 la disposici\u00f3n, que estar\u00e1 vigente hasta el 10 de abril. El resto de operaciones deber\u00e1n realizarse por teletrabajo. Adem\u00e1s, cines y teatros tambi\u00e9n funcionar\u00e1n hasta las 16:00.<\/p>\n<p>Durante los m\u00e1s de 10 d\u00edas de resuelta la medida, el servicio de entrega a domicilio tendr\u00e1 permiso para laborar las 24 horas. El COE espera controlar la propagaci\u00f3n del virus en la urbe y lograr que se recupere la capacidad de atenci\u00f3n hospitalaria.<\/p>\n<p>En Guayaquil tambi\u00e9n se prohibi\u00f3 el expendio de bebidas alcoh\u00f3licas todos los domingos de abril y hasta las 16:00 el resto de d\u00edas. Adem\u00e1s, de 19:00 a 05:00 ser\u00e1 prohibida la circulaci\u00f3n vehicular.<\/p>\n<p>Otra de las medidas establecidas es que la playa de Varadero permanecer\u00e1 cerrada el 2, 3 y 4 de abril, d\u00edas en los que se conmemora la Semana Santa en el Ecuador. En las salas de velaciones el aforo estar\u00e1 reducido a m\u00e1ximo 10 personas. Tambi\u00e9n se proh\u00edben los desfiles, espect\u00e1culos, procesiones y dem\u00e1s eventos que ocupen espacios p\u00fablicos, mientras que en salones de hoteles o conferencias el aforo ser\u00e1 de 25 personas. (I)<\/p>\n<p>Fuente:\u00a0https:\/\/www.eltelegrafo.com.ec\/noticias\/actualidad\/44\/oficinas-guayaquil-coe-semana-santa<\/p>\n","protected":false},"excerpt":{"rendered":"<p>El Comit\u00e9 de Operaciones de Emergencia (COE) Cantonal de Guayaquil resolvi\u00f3 que la operaci\u00f3n comercial y el horario de trabajo<\/p>\n","protected":false},"author":1,"featured_media":1009,"comment_status":"closed","ping_status":"closed","sticky":false,"template":"","format":"standard","meta":{"colormag_page_container_layout":"default_layout","colormag_page_sidebar_layout":"default_layout","footnotes":""},"categories":[5],"tags":[],"class_list":["post-1008","post","type-post","status-publish","format-standard","has-post-thumbnail","hentry","category-noticias"],"_links":{"self":[{"href":"https:\/\/90-9fm.com\/wp\/wp-json\/wp\/v2\/posts\/1008","targetHints":{"allow":["GET"]}}],"collection":[{"href":"https:\/\/90-9fm.com\/wp\/wp-json\/wp\/v2\/posts"}],"about":[{"href":"https:\/\/90-9fm.com\/wp\/wp-json\/wp\/v2\/types\/post"}],"author":[{"embeddable":true,"href":"https:\/\/90-9fm.com\/wp\/wp-json\/wp\/v2\/users\/1"}],"replies":[{"embeddable":true,"href":"https:\/\/90-9fm.com\/wp\/wp-json\/wp\/v2\/comments?post=1008"}],"version-history":[{"count":2,"href":"https:\/\/90-9fm.com\/wp\/wp-json\/wp\/v2\/posts\/1008\/revisions"}],"predecessor-version":[{"id":1011,"href":"https:\/\/90-9fm.com\/wp\/wp-json\/wp\/v2\/posts\/1008\/revisions\/1011"}],"wp:featuredmedia":[{"embeddable":true,"href":"https:\/\/90-9fm.com\/wp\/wp-json\/wp\/v2\/media\/1009"}],"wp:attachment":[{"href":"https:\/\/90-9fm.com\/wp\/wp-json\/wp\/v2\/media?parent=1008"}],"wp:term":[{"taxonomy":"category","embeddable":true,"href":"https:\/\/90-9fm.com\/wp\/wp-json\/wp\/v2\/categories?post=1008"},{"taxonomy":"post_tag","embeddable":true,"href":"https:\/\/90-9fm.com\/wp\/wp-json\/wp\/v2\/tags?post=1008"}],"curies":[{"name":"wp","href":"https:\/\/api.w.org\/{rel}","templated":true}]}}