{"id":1246,"date":"2021-04-10T21:43:43","date_gmt":"2021-04-10T21:43:43","guid":{"rendered":"http:\/\/90-9fm.com\/wp\/?p=1246"},"modified":"2021-04-10T21:43:43","modified_gmt":"2021-04-10T21:43:43","slug":"ecuador-es-el-segundo-exportador-de-camarones-en-estados-unidos","status":"publish","type":"post","link":"https:\/\/90-9fm.com\/wp\/2021\/04\/10\/ecuador-es-el-segundo-exportador-de-camarones-en-estados-unidos\/","title":{"rendered":"Ecuador es el segundo exportador de camarones en Estados Unidos"},"content":{"rendered":"<p>El Ecuador se convirti\u00f3 en el segundo proveedor de camar\u00f3n en el mercado estadounidense, seg\u00fan inform\u00f3 el ministro de Producci\u00f3n, Comercio Exterior, Inversiones y Pesca. Este avance demuestra el fortalecimiento de las relaciones comerciales entre los dos pa\u00edse.<\/p>\n<p>El ministro Iv\u00e1n Ontaneda indic\u00f3 que en febrero de 2021 se registr\u00f3 un incremento del 29% respecto al producto enviado a Estados unidos en febrero de 2020. El aumento de exportaciones se midi\u00f3 mediante toneladas adquiridas por Washington.<\/p>\n<p><!--more--><\/p>\n<p>\u201cEcuador es calidad, es trazabilidad\u201d, acot\u00f3 el funcionario de Estado. Para Ontaneda, entre las dos naciones hay coherencia en su v\u00ednculo comercial. La buena relaci\u00f3n bilateral permite que el camar\u00f3n ecuatoriano se consuma en Estados Unidos, lo que a su vez genera empleo e ingresos al pa\u00eds.<\/p>\n<p>El presidente Len\u00edn Moreno tambi\u00e9n replic\u00f3 esta noticia positiva en materia econ\u00f3mica para las arcas del Ecuador. Moreno destac\u00f3 que las plazas laborales y la producci\u00f3n nacional se benefician gracias a las exportaciones.<\/p>\n<p>Adem\u00e1s, la cartera de Estado suscribi\u00f3 15 contratos de inversi\u00f3n a trav\u00e9s del Comit\u00e9 Estrat\u00e9gico de Promoci\u00f3n y Atracci\u00f3n de Inversiones. Estos convenios generar\u00e1n 1.639 plazas nuevas de empleo y suman $210.8 millones.<\/p>\n<p>Las principales actividades econ\u00f3micas en las que se centran las inversiones son el cultivo de camar\u00f3n y cacao, la fabricaci\u00f3n de alimentos, pl\u00e1sticos y art\u00edculos de uso dom\u00e9stico, turismo y servicio log\u00edstico de carga terrestre.<strong>\u00a0(I)<\/strong><\/p>\n<p>Fuente:\u00a0https:\/\/www.eltelegrafo.com.ec\/noticias\/economia\/4\/ecuador-exportaciones-camaron-estadosunidos<\/p>\n","protected":false},"excerpt":{"rendered":"<p>El Ecuador se convirti\u00f3 en el segundo proveedor de camar\u00f3n en el mercado estadounidense, seg\u00fan inform\u00f3 el ministro de Producci\u00f3n,<\/p>\n","protected":false},"author":1,"featured_media":1247,"comment_status":"closed","ping_status":"closed","sticky":false,"template":"","format":"standard","meta":{"colormag_page_container_layout":"default_layout","colormag_page_sidebar_layout":"default_layout","footnotes":""},"categories":[5],"tags":[],"class_list":["post-1246","post","type-post","status-publish","format-standard","has-post-thumbnail","hentry","category-noticias"],"_links":{"self":[{"href":"https:\/\/90-9fm.com\/wp\/wp-json\/wp\/v2\/posts\/1246","targetHints":{"allow":["GET"]}}],"collection":[{"href":"https:\/\/90-9fm.com\/wp\/wp-json\/wp\/v2\/posts"}],"about":[{"href":"https:\/\/90-9fm.com\/wp\/wp-json\/wp\/v2\/types\/post"}],"author":[{"embeddable":true,"href":"https:\/\/90-9fm.com\/wp\/wp-json\/wp\/v2\/users\/1"}],"replies":[{"embeddable":true,"href":"https:\/\/90-9fm.com\/wp\/wp-json\/wp\/v2\/comments?post=1246"}],"version-history":[{"count":1,"href":"https:\/\/90-9fm.com\/wp\/wp-json\/wp\/v2\/posts\/1246\/revisions"}],"predecessor-version":[{"id":1248,"href":"https:\/\/90-9fm.com\/wp\/wp-json\/wp\/v2\/posts\/1246\/revisions\/1248"}],"wp:featuredmedia":[{"embeddable":true,"href":"https:\/\/90-9fm.com\/wp\/wp-json\/wp\/v2\/media\/1247"}],"wp:attachment":[{"href":"https:\/\/90-9fm.com\/wp\/wp-json\/wp\/v2\/media?parent=1246"}],"wp:term":[{"taxonomy":"category","embeddable":true,"href":"https:\/\/90-9fm.com\/wp\/wp-json\/wp\/v2\/categories?post=1246"},{"taxonomy":"post_tag","embeddable":true,"href":"https:\/\/90-9fm.com\/wp\/wp-json\/wp\/v2\/tags?post=1246"}],"curies":[{"name":"wp","href":"https:\/\/api.w.org\/{rel}","templated":true}]}}