{"id":1252,"date":"2021-04-10T22:02:12","date_gmt":"2021-04-10T22:02:12","guid":{"rendered":"http:\/\/90-9fm.com\/wp\/?p=1252"},"modified":"2021-04-10T22:02:12","modified_gmt":"2021-04-10T22:02:12","slug":"ecuatorianos-y-extranjeros-provenientes-de-brasil-se-someteran-al-aislamiento-obligatorio","status":"publish","type":"post","link":"https:\/\/90-9fm.com\/wp\/2021\/04\/10\/ecuatorianos-y-extranjeros-provenientes-de-brasil-se-someteran-al-aislamiento-obligatorio\/","title":{"rendered":"Ecuatorianos y extranjeros provenientes de Brasil se someter\u00e1n al aislamiento obligatorio"},"content":{"rendered":"<p>El Comit\u00e9 de Operaciones de Emergencia (COE) Nacional resolvi\u00f3 que la Secretar\u00eda del Deporte elabore un protocolo que regule el ingreso de deportistas \u00e9lite al pa\u00eds, como medida de prevenci\u00f3n contra el covid-19. Esta medida surge luego de que Independiente del Valle jugara un partido de Copa Libertadores contra Gremio de Brasil.<\/p>\n<p>La noche de este viernes 9 de abril de 2021 se reuni\u00f3 el COE en sesi\u00f3n permanente y dispusieron que tanto la Secretar\u00eda del Deporte como el Ministerio de Salud trabajen juntos en un plan que garantice la salud de los ecuatorianos con el arribo de deportistas provenientes del exterior.<\/p>\n<p><!--more--><\/p>\n<p>El objetivo es evitar que futbolistas, atletas y dem\u00e1s deportistas traigan el virus al pa\u00eds, luego de cumplir actividades internacionales. La medida contempla a cualquier tipo de persona que realice deporte de \u00e9lite, sin importar su nacionalidad.<\/p>\n<p>Adem\u00e1s, el COE ratific\u00f3 que todo pasajero que ingrese por v\u00eda a\u00e9rea al Ecuador desde Brasil tendr\u00e1 que cumplir un aislamiento obligatorio de 10 d\u00edas en uno de los alojamientos regulados por el Ministerio de Turismo.<\/p>\n<p>Esto no exime a ecuatorianos, ni a personas con prueba PCR negativa. Es decir, si el plantel de Independiente del Valle viaja a Porto Alegre la pr\u00f3xima semana para jugar el cotejo de vuelta de Copa Libertadores contra Gremio, la norma establece que durante 10 d\u00edas no abandone la cuarentena.<\/p>\n<p>El partido est\u00e1 previsto para el 14 de abril. Los rayados de Sangolqu\u00ed llegar\u00e1n a ese cotejo con una ventaja de 2-1, obtenida en la ida que, por prohibici\u00f3n del COE Nacional, no se jug\u00f3 en el pa\u00eds. El ganador de la llave clasificar\u00e1 a la fase de grupos del torneo internacional.<strong>\u00a0(I)<\/strong><\/p>\n<p>Fuente:\u00a0https:\/\/www.eltelegrafo.com.ec\/noticias\/actualidad\/44\/brasil-coe-aislamiento-cuarentena-idv<\/p>\n","protected":false},"excerpt":{"rendered":"<p>El Comit\u00e9 de Operaciones de Emergencia (COE) Nacional resolvi\u00f3 que la Secretar\u00eda del Deporte elabore un protocolo que regule el<\/p>\n","protected":false},"author":1,"featured_media":1253,"comment_status":"closed","ping_status":"closed","sticky":false,"template":"","format":"standard","meta":{"colormag_page_container_layout":"default_layout","colormag_page_sidebar_layout":"default_layout","footnotes":""},"categories":[5],"tags":[],"class_list":["post-1252","post","type-post","status-publish","format-standard","has-post-thumbnail","hentry","category-noticias"],"_links":{"self":[{"href":"https:\/\/90-9fm.com\/wp\/wp-json\/wp\/v2\/posts\/1252","targetHints":{"allow":["GET"]}}],"collection":[{"href":"https:\/\/90-9fm.com\/wp\/wp-json\/wp\/v2\/posts"}],"about":[{"href":"https:\/\/90-9fm.com\/wp\/wp-json\/wp\/v2\/types\/post"}],"author":[{"embeddable":true,"href":"https:\/\/90-9fm.com\/wp\/wp-json\/wp\/v2\/users\/1"}],"replies":[{"embeddable":true,"href":"https:\/\/90-9fm.com\/wp\/wp-json\/wp\/v2\/comments?post=1252"}],"version-history":[{"count":1,"href":"https:\/\/90-9fm.com\/wp\/wp-json\/wp\/v2\/posts\/1252\/revisions"}],"predecessor-version":[{"id":1254,"href":"https:\/\/90-9fm.com\/wp\/wp-json\/wp\/v2\/posts\/1252\/revisions\/1254"}],"wp:featuredmedia":[{"embeddable":true,"href":"https:\/\/90-9fm.com\/wp\/wp-json\/wp\/v2\/media\/1253"}],"wp:attachment":[{"href":"https:\/\/90-9fm.com\/wp\/wp-json\/wp\/v2\/media?parent=1252"}],"wp:term":[{"taxonomy":"category","embeddable":true,"href":"https:\/\/90-9fm.com\/wp\/wp-json\/wp\/v2\/categories?post=1252"},{"taxonomy":"post_tag","embeddable":true,"href":"https:\/\/90-9fm.com\/wp\/wp-json\/wp\/v2\/tags?post=1252"}],"curies":[{"name":"wp","href":"https:\/\/api.w.org\/{rel}","templated":true}]}}