{"id":1312,"date":"2021-04-14T00:12:38","date_gmt":"2021-04-14T00:12:38","guid":{"rendered":"http:\/\/90-9fm.com\/wp\/?p=1312"},"modified":"2021-04-14T00:12:38","modified_gmt":"2021-04-14T00:12:38","slug":"guillermo-lasso-ee-uu-y-ecuador-volveran-a-ser-aliados","status":"publish","type":"post","link":"https:\/\/90-9fm.com\/wp\/2021\/04\/14\/guillermo-lasso-ee-uu-y-ecuador-volveran-a-ser-aliados\/","title":{"rendered":"Guillermo Lasso: EE.UU. y Ecuador volver\u00e1n a ser aliados"},"content":{"rendered":"<p>Este marte 13 de abril, la subsecretaria interina de la Oficina de Asuntos del Hemisferio Occidental del Departamento de Estado de EE. UU., Julie Chung, se refiri\u00f3 al triunfo de Guillermo Lasso en las elecciones del pasado domingo 11 de abril.<\/p>\n<p><!--more--><\/p>\n<p>&nbsp;<\/p>\n<p>La postura lleg\u00f3 tras la publicaci\u00f3n en las cuentas oficiales de la Embajada de Estados Unidos en Ecuador. En la misma, el embajador Mike Fitzpatrick afirm\u00f3 que hab\u00eda conversado\u00a0telef\u00f3nicamente con el presidente electo Guillermo Lasso \u00abpara felicitarlo por su triunfo en la jornada c\u00edvica de ayer. Esperamos trabajar con su gobierno en nuestros objetivos en com\u00fan y en beneficio de Estados Unidos y de Ecuador a partir del 24 de Mayo\u00bb.<\/p>\n<p>Fuente:\u00a0https:\/\/www.eltelegrafo.com.ec\/noticias\/actualidad\/44\/presidente-electo-guillermo-lasso-promete-alianza-ee-uu<\/p>\n","protected":false},"excerpt":{"rendered":"<p>Este marte 13 de abril, la subsecretaria interina de la Oficina de Asuntos del Hemisferio Occidental del Departamento de Estado<\/p>\n","protected":false},"author":1,"featured_media":1313,"comment_status":"closed","ping_status":"closed","sticky":false,"template":"","format":"standard","meta":{"colormag_page_container_layout":"default_layout","colormag_page_sidebar_layout":"default_layout","footnotes":""},"categories":[5],"tags":[],"class_list":["post-1312","post","type-post","status-publish","format-standard","has-post-thumbnail","hentry","category-noticias"],"_links":{"self":[{"href":"https:\/\/90-9fm.com\/wp\/wp-json\/wp\/v2\/posts\/1312","targetHints":{"allow":["GET"]}}],"collection":[{"href":"https:\/\/90-9fm.com\/wp\/wp-json\/wp\/v2\/posts"}],"about":[{"href":"https:\/\/90-9fm.com\/wp\/wp-json\/wp\/v2\/types\/post"}],"author":[{"embeddable":true,"href":"https:\/\/90-9fm.com\/wp\/wp-json\/wp\/v2\/users\/1"}],"replies":[{"embeddable":true,"href":"https:\/\/90-9fm.com\/wp\/wp-json\/wp\/v2\/comments?post=1312"}],"version-history":[{"count":1,"href":"https:\/\/90-9fm.com\/wp\/wp-json\/wp\/v2\/posts\/1312\/revisions"}],"predecessor-version":[{"id":1314,"href":"https:\/\/90-9fm.com\/wp\/wp-json\/wp\/v2\/posts\/1312\/revisions\/1314"}],"wp:featuredmedia":[{"embeddable":true,"href":"https:\/\/90-9fm.com\/wp\/wp-json\/wp\/v2\/media\/1313"}],"wp:attachment":[{"href":"https:\/\/90-9fm.com\/wp\/wp-json\/wp\/v2\/media?parent=1312"}],"wp:term":[{"taxonomy":"category","embeddable":true,"href":"https:\/\/90-9fm.com\/wp\/wp-json\/wp\/v2\/categories?post=1312"},{"taxonomy":"post_tag","embeddable":true,"href":"https:\/\/90-9fm.com\/wp\/wp-json\/wp\/v2\/tags?post=1312"}],"curies":[{"name":"wp","href":"https:\/\/api.w.org\/{rel}","templated":true}]}}