{"id":1328,"date":"2021-04-14T18:54:19","date_gmt":"2021-04-14T18:54:19","guid":{"rendered":"http:\/\/90-9fm.com\/wp\/?p=1328"},"modified":"2021-04-14T18:54:19","modified_gmt":"2021-04-14T18:54:19","slug":"alcaldia-de-guayaquil-premio-a-graduados-de-artes-y-oficios","status":"publish","type":"post","link":"https:\/\/90-9fm.com\/wp\/2021\/04\/14\/alcaldia-de-guayaquil-premio-a-graduados-de-artes-y-oficios\/","title":{"rendered":"Alcald\u00eda de Guayaquil premi\u00f3 a graduados de Artes y Oficios"},"content":{"rendered":"<p>En el Sal\u00f3n de la Ciudad, la alcaldesa de Guayaquil, Cynthia Viteri, junto a las autoridades de la Empresa P\u00fablica Municipal Desarrollo, Acci\u00f3n Social y Educaci\u00f3n (EP DASE) premiaron a los 50 mejores promedios de los alumnos del per\u00edodo lectivo 2018-2020, de los Centros Municipales de Artes y Oficios (CAOS), quienes se graduaron de maestros artesanos.<\/p>\n<p><!--more--><\/p>\n<p>Los estudiantes pertenecientes a las especializaciones de mec\u00e1nica automotriz, gastronom\u00eda, belleza, corte y confecci\u00f3n, adem\u00e1s de recibir sus t\u00edtulos, obtuvieron tablets con protector y teclado bluetooth, como recompensa a su esfuerzo en las aulas al haber obtenido los puntajes m\u00e1s altos de los 300 alumnos pertenecientes del per\u00edodo 2018-2020.<\/p>\n<p>En el evento, la alcaldesa de la ciudad, Cynthia Viteri, indic\u00f3 a los graduados que \u201custedes van a generar empleo, de aqu\u00ed en adelante ser\u00e1n ustedes los que ayuden al que se ha quedado sin empleo, estoy muy orgullosa de ustedes\u201d.<\/p>\n<p>Katherine Regatto, beneficiaria de la carrera de gastronom\u00eda del Centro Municipal Amazonas, en representaci\u00f3n de todos los alumnos expres\u00f3 que el programa \u201cnos ha permitido tener una educaci\u00f3n de calidad gratuita, donde nos han podido capacitar, d\u00e1ndonos fortalezas, palabras de aliento.\u00a0Esta meta hoy cumplida, a manera muy personal, nos ha servido para poder emprender y entregarles empleo a otras personas. El d\u00eda de hoy les quiero decir que no existen l\u00edmites. Este triunfo, es muy grande para todos nosotros y agradezco por el logro obtenido el d\u00eda de hoy. Finalmente quiero darle las gracias a la iniciativa al Municipio de Guayaquil junto a nuestra alcaldesa\u201d.<\/p>\n<p>Semanas atr\u00e1s, 145 alumnos se graduaron en el Palacio de Cristal y posteriormente, continuar\u00e1 la entrega de t\u00edtulos a los 105 alumnos restantes. As\u00ed lo confirm\u00f3 el Municipio de Guayaquil en un comunicado. Esto es parte de la iniciativa de compensaci\u00f3n que lleva adelante el cabildo para premiar el esfuerzo acad\u00e9mico.<\/p>\n<p>Fuente:\u00a0https:\/\/www.eltelegrafo.com.ec\/noticias\/actualidad\/44\/alcaldia-de-guayaquil-premio-a-graduados-de-artes-y-oficios<\/p>\n","protected":false},"excerpt":{"rendered":"<p>En el Sal\u00f3n de la Ciudad, la alcaldesa de Guayaquil, Cynthia Viteri, junto a las autoridades de la Empresa P\u00fablica<\/p>\n","protected":false},"author":1,"featured_media":1329,"comment_status":"closed","ping_status":"closed","sticky":false,"template":"","format":"standard","meta":{"colormag_page_container_layout":"default_layout","colormag_page_sidebar_layout":"default_layout","footnotes":""},"categories":[5],"tags":[],"class_list":["post-1328","post","type-post","status-publish","format-standard","has-post-thumbnail","hentry","category-noticias"],"_links":{"self":[{"href":"https:\/\/90-9fm.com\/wp\/wp-json\/wp\/v2\/posts\/1328","targetHints":{"allow":["GET"]}}],"collection":[{"href":"https:\/\/90-9fm.com\/wp\/wp-json\/wp\/v2\/posts"}],"about":[{"href":"https:\/\/90-9fm.com\/wp\/wp-json\/wp\/v2\/types\/post"}],"author":[{"embeddable":true,"href":"https:\/\/90-9fm.com\/wp\/wp-json\/wp\/v2\/users\/1"}],"replies":[{"embeddable":true,"href":"https:\/\/90-9fm.com\/wp\/wp-json\/wp\/v2\/comments?post=1328"}],"version-history":[{"count":1,"href":"https:\/\/90-9fm.com\/wp\/wp-json\/wp\/v2\/posts\/1328\/revisions"}],"predecessor-version":[{"id":1330,"href":"https:\/\/90-9fm.com\/wp\/wp-json\/wp\/v2\/posts\/1328\/revisions\/1330"}],"wp:featuredmedia":[{"embeddable":true,"href":"https:\/\/90-9fm.com\/wp\/wp-json\/wp\/v2\/media\/1329"}],"wp:attachment":[{"href":"https:\/\/90-9fm.com\/wp\/wp-json\/wp\/v2\/media?parent=1328"}],"wp:term":[{"taxonomy":"category","embeddable":true,"href":"https:\/\/90-9fm.com\/wp\/wp-json\/wp\/v2\/categories?post=1328"},{"taxonomy":"post_tag","embeddable":true,"href":"https:\/\/90-9fm.com\/wp\/wp-json\/wp\/v2\/tags?post=1328"}],"curies":[{"name":"wp","href":"https:\/\/api.w.org\/{rel}","templated":true}]}}