{"id":1343,"date":"2021-04-15T23:15:19","date_gmt":"2021-04-15T23:15:19","guid":{"rendered":"http:\/\/90-9fm.com\/wp\/?p=1343"},"modified":"2021-04-15T23:15:19","modified_gmt":"2021-04-15T23:15:19","slug":"la-asamblea-nacional-avanza-con-el-primer-debate-de-reformas-al-codigo-de-monetario-en-defensa-de-la-dolarizacion","status":"publish","type":"post","link":"https:\/\/90-9fm.com\/wp\/2021\/04\/15\/la-asamblea-nacional-avanza-con-el-primer-debate-de-reformas-al-codigo-de-monetario-en-defensa-de-la-dolarizacion\/","title":{"rendered":"La Asamblea Nacional avanza con el primer debate de reformas al c\u00f3digo de monetario en defensa de la dolarizaci\u00f3n"},"content":{"rendered":"<p>Este jueves 15 de abril, a las 11:00, el debate seguir\u00e1 seg\u00fan conforme la disposici\u00f3n del Presidente del Parlamento, C\u00e9sar Litardo.<\/p>\n<p>La Asamblea Nacional dio seguimiento al tratamiento del proyecto de Ley Reformatoria al C\u00f3digo Org\u00e1nico Monetario para la Defensa de la Dolarizaci\u00f3n, en el primer debate, donde participaron 13 asamble\u00edstas de diversas bancadas legislativas.<\/p>\n<p><!--more--><\/p>\n<p>Los asamble\u00edstas dieron observaciones al proyecto a tratar y se evidenciaron dos posturas. Varios legisladores a favor y otros en contra.<\/p>\n<p>As\u00ed, un grupo de legisladores indicaron que la normativa es necesaria para el pa\u00eds, con el fin de precautelar la dolarizaci\u00f3n y as\u00ed impedir que los gobiernos de turno tomen dineros del Banco Central. Mientras tanto, otros parlamentarios dijeron que el proyecto que envi\u00f3 el Ejecutivo viola la Constituci\u00f3n, en su art\u00edculo 303.<\/p>\n<p>Los legisladores que apoyan el plan de reformas al C\u00f3digo Monetario y Financiero para la Defensa de la Dolarizaci\u00f3n enfatizaron que se destaque que la ley es necesaria para el pa\u00eds. Dialogaron sobre la\u00a0 importancia de recuperar los cuatro balances del Banco Central.<\/p>\n<p>Entre las posiciones reiterativas se\u00f1alaron que no es cierto que con esta ley se pretenda privatizar el Banco Central, tomando en cuenta que esta entidad es parte de la Funci\u00f3n Ejecutiva, conforme lo determinan los art\u00edculos 303 y 141 de la Constituci\u00f3n.<\/p>\n<p>Fuente:\u00a0https:\/\/www.eltelegrafo.com.ec\/noticias\/actualidad\/44\/la-asamble-nacional-avanza-con-el-primer-debate-de-reformas-al-codigo-de-monetario-en-defensa-de-la-dolarizacion<\/p>\n","protected":false},"excerpt":{"rendered":"<p>Este jueves 15 de abril, a las 11:00, el debate seguir\u00e1 seg\u00fan conforme la disposici\u00f3n del Presidente del Parlamento, C\u00e9sar<\/p>\n","protected":false},"author":1,"featured_media":1338,"comment_status":"closed","ping_status":"closed","sticky":false,"template":"","format":"standard","meta":{"colormag_page_container_layout":"default_layout","colormag_page_sidebar_layout":"default_layout","footnotes":""},"categories":[13],"tags":[],"class_list":["post-1343","post","type-post","status-publish","format-standard","has-post-thumbnail","hentry","category-destacados"],"_links":{"self":[{"href":"https:\/\/90-9fm.com\/wp\/wp-json\/wp\/v2\/posts\/1343","targetHints":{"allow":["GET"]}}],"collection":[{"href":"https:\/\/90-9fm.com\/wp\/wp-json\/wp\/v2\/posts"}],"about":[{"href":"https:\/\/90-9fm.com\/wp\/wp-json\/wp\/v2\/types\/post"}],"author":[{"embeddable":true,"href":"https:\/\/90-9fm.com\/wp\/wp-json\/wp\/v2\/users\/1"}],"replies":[{"embeddable":true,"href":"https:\/\/90-9fm.com\/wp\/wp-json\/wp\/v2\/comments?post=1343"}],"version-history":[{"count":1,"href":"https:\/\/90-9fm.com\/wp\/wp-json\/wp\/v2\/posts\/1343\/revisions"}],"predecessor-version":[{"id":1344,"href":"https:\/\/90-9fm.com\/wp\/wp-json\/wp\/v2\/posts\/1343\/revisions\/1344"}],"wp:featuredmedia":[{"embeddable":true,"href":"https:\/\/90-9fm.com\/wp\/wp-json\/wp\/v2\/media\/1338"}],"wp:attachment":[{"href":"https:\/\/90-9fm.com\/wp\/wp-json\/wp\/v2\/media?parent=1343"}],"wp:term":[{"taxonomy":"category","embeddable":true,"href":"https:\/\/90-9fm.com\/wp\/wp-json\/wp\/v2\/categories?post=1343"},{"taxonomy":"post_tag","embeddable":true,"href":"https:\/\/90-9fm.com\/wp\/wp-json\/wp\/v2\/tags?post=1343"}],"curies":[{"name":"wp","href":"https:\/\/api.w.org\/{rel}","templated":true}]}}