{"id":1345,"date":"2021-04-16T04:32:29","date_gmt":"2021-04-16T04:32:29","guid":{"rendered":"http:\/\/90-9fm.com\/wp\/?p=1345"},"modified":"2021-04-16T04:32:29","modified_gmt":"2021-04-16T04:32:29","slug":"quito-mantiene-el-hoy-no-circula-hasta-las-2000","status":"publish","type":"post","link":"https:\/\/90-9fm.com\/wp\/2021\/04\/16\/quito-mantiene-el-hoy-no-circula-hasta-las-2000\/","title":{"rendered":"Quito mantiene el &#8216;Hoy no Circula&#8217; hasta las 20:00"},"content":{"rendered":"<p>El Municipio de Quito inform\u00f3 que desde el viernes 16 de abril de 2021 aplicar\u00e1n en la ciudad las medidas de restricci\u00f3n que implement\u00f3 el Comit\u00e9 de Operaciones de Emergencia (COE) Nacional en la provincia de Pichincha.<\/p>\n<p>La disposici\u00f3n establece que el viernes, s\u00e1bado y domingo no habr\u00e1 circulaci\u00f3n vehicular en el horario de 20:00 a 05:00. Esto significa que los agentes de tr\u00e1nsito empezar\u00e1n a controlar que se cumpla la medida en esas horas.<\/p>\n<p><!--more--><\/p>\n<p>El Cabildo aclar\u00f3 que personal de sectores estrat\u00e9gicos y personas que se trasladen por las calles a causa de emergencias o para ir al aeropuerto est\u00e1n exentas de acatar la restricci\u00f3n. El resto de los carros particulares deber\u00e1 respetar la resoluci\u00f3n del COE, emitida este mi\u00e9rcoles 14 de abril.<\/p>\n<p>En Quito sigue vigente el plan de movilidad \u2018Hoy No Circula\u2019, que proh\u00edbe la circulaci\u00f3n de veh\u00edculos seg\u00fan el \u00faltimo d\u00edgito de la placa por dos d\u00edas a la semana. El s\u00e1bado y domingo podr\u00e1n transitar libremente, hasta las 20:00 que inicia la medida del COE Nacional.<\/p>\n<p>Fuente:\u00a0https:\/\/www.eltelegrafo.com.ec\/noticias\/actualidad\/44\/quito-hoynocircula-restriccion-vehicular<\/p>\n","protected":false},"excerpt":{"rendered":"<p>El Municipio de Quito inform\u00f3 que desde el viernes 16 de abril de 2021 aplicar\u00e1n en la ciudad las medidas<\/p>\n","protected":false},"author":1,"featured_media":1346,"comment_status":"closed","ping_status":"closed","sticky":false,"template":"","format":"standard","meta":{"colormag_page_container_layout":"default_layout","colormag_page_sidebar_layout":"default_layout","footnotes":""},"categories":[5],"tags":[],"class_list":["post-1345","post","type-post","status-publish","format-standard","has-post-thumbnail","hentry","category-noticias"],"_links":{"self":[{"href":"https:\/\/90-9fm.com\/wp\/wp-json\/wp\/v2\/posts\/1345","targetHints":{"allow":["GET"]}}],"collection":[{"href":"https:\/\/90-9fm.com\/wp\/wp-json\/wp\/v2\/posts"}],"about":[{"href":"https:\/\/90-9fm.com\/wp\/wp-json\/wp\/v2\/types\/post"}],"author":[{"embeddable":true,"href":"https:\/\/90-9fm.com\/wp\/wp-json\/wp\/v2\/users\/1"}],"replies":[{"embeddable":true,"href":"https:\/\/90-9fm.com\/wp\/wp-json\/wp\/v2\/comments?post=1345"}],"version-history":[{"count":1,"href":"https:\/\/90-9fm.com\/wp\/wp-json\/wp\/v2\/posts\/1345\/revisions"}],"predecessor-version":[{"id":1347,"href":"https:\/\/90-9fm.com\/wp\/wp-json\/wp\/v2\/posts\/1345\/revisions\/1347"}],"wp:featuredmedia":[{"embeddable":true,"href":"https:\/\/90-9fm.com\/wp\/wp-json\/wp\/v2\/media\/1346"}],"wp:attachment":[{"href":"https:\/\/90-9fm.com\/wp\/wp-json\/wp\/v2\/media?parent=1345"}],"wp:term":[{"taxonomy":"category","embeddable":true,"href":"https:\/\/90-9fm.com\/wp\/wp-json\/wp\/v2\/categories?post=1345"},{"taxonomy":"post_tag","embeddable":true,"href":"https:\/\/90-9fm.com\/wp\/wp-json\/wp\/v2\/tags?post=1345"}],"curies":[{"name":"wp","href":"https:\/\/api.w.org\/{rel}","templated":true}]}}