{"id":1502,"date":"2021-08-23T23:33:48","date_gmt":"2021-08-23T23:33:48","guid":{"rendered":"http:\/\/90-9fm.com\/wp\/?p=1502"},"modified":"2021-08-23T23:33:48","modified_gmt":"2021-08-23T23:33:48","slug":"como-sera-la-circulacion-vehicular-en-la-ultima-semana-de-agosto","status":"publish","type":"post","link":"https:\/\/90-9fm.com\/wp\/2021\/08\/23\/como-sera-la-circulacion-vehicular-en-la-ultima-semana-de-agosto\/","title":{"rendered":"\u00bfC\u00f3mo ser\u00e1 la circulaci\u00f3n vehicular en la \u00faltima semana de agosto?"},"content":{"rendered":"<p>La Agencia Metropolitana de Tr\u00e1nsito (AMT) confirm\u00f3 el manejo de la circulaci\u00f3n vehicular durante la \u00faltima semana de agosto.<\/p>\n<p>Este lunes 23 de agosto del 2021 no podr\u00e1n circular los automotores que tengan como \u00faltimo d\u00edgito de la placa los n\u00fameros 0, 1, 2 y 3.<\/p>\n<p>El martes 24 de agosto, en cambio, no podr\u00e1n movilizarse las placas terminadas en 2, 3, 4 y 5. El mi\u00e9rcoles 25 est\u00e1n prohibidos de salir los veh\u00edculos con registro met\u00e1lico finalizado en 4, 5, 6 y 7.<\/p>\n<p>El jueves 26 de agosto no podr\u00e1n transitar las placas terminadas en 6, 7, 8 y 9 y el viernes 27, tienen restricci\u00f3n las placas que finalizan en 0, 1, 8 y 9. La medida rige desde las 07:00 hasta las 19:00, despu\u00e9s de ese horario todos los automotores pueden transitar.<\/p>\n<p><!--more--><\/p>\n<p>Los ciudadanos que tengan salvoconductos, fecha de vacunaci\u00f3n contra el covid-19, cita m\u00e9dica, cita para la revisi\u00f3n vehicular, los adultos mayores y los veh\u00edculos h\u00edbridos podr\u00e1n circular libremente si portan los documentos que lo certifiquen.<\/p>\n<p>En Quito, a AMT se\u00f1ala que aplicar\u00e1 una sanci\u00f3n y multa a los infractores del Hoy no circula.<\/p>\n<p>Los conductores que irrespeten la medida deber\u00e1n pagar el 50% de un Salario B\u00e1sico Unificado, es decir USD 200 y adem\u00e1s se le retendr\u00e1 el veh\u00edculo por movilizarse, pese a la restricci\u00f3n.<\/p>\n<p>Fuente:\u00a0https:\/\/www.eltelegrafo.com.ec\/noticias\/actualidad\/44\/como-sera-la-circulacion-vehicular-en-la-ultima-semana-de-agosto<\/p>\n","protected":false},"excerpt":{"rendered":"<p>La Agencia Metropolitana de Tr\u00e1nsito (AMT) confirm\u00f3 el manejo de la circulaci\u00f3n vehicular durante la \u00faltima semana de agosto. Este<\/p>\n","protected":false},"author":1,"featured_media":1503,"comment_status":"closed","ping_status":"closed","sticky":false,"template":"","format":"standard","meta":{"colormag_page_container_layout":"default_layout","colormag_page_sidebar_layout":"default_layout","footnotes":""},"categories":[5],"tags":[],"class_list":["post-1502","post","type-post","status-publish","format-standard","has-post-thumbnail","hentry","category-noticias"],"_links":{"self":[{"href":"https:\/\/90-9fm.com\/wp\/wp-json\/wp\/v2\/posts\/1502","targetHints":{"allow":["GET"]}}],"collection":[{"href":"https:\/\/90-9fm.com\/wp\/wp-json\/wp\/v2\/posts"}],"about":[{"href":"https:\/\/90-9fm.com\/wp\/wp-json\/wp\/v2\/types\/post"}],"author":[{"embeddable":true,"href":"https:\/\/90-9fm.com\/wp\/wp-json\/wp\/v2\/users\/1"}],"replies":[{"embeddable":true,"href":"https:\/\/90-9fm.com\/wp\/wp-json\/wp\/v2\/comments?post=1502"}],"version-history":[{"count":1,"href":"https:\/\/90-9fm.com\/wp\/wp-json\/wp\/v2\/posts\/1502\/revisions"}],"predecessor-version":[{"id":1504,"href":"https:\/\/90-9fm.com\/wp\/wp-json\/wp\/v2\/posts\/1502\/revisions\/1504"}],"wp:featuredmedia":[{"embeddable":true,"href":"https:\/\/90-9fm.com\/wp\/wp-json\/wp\/v2\/media\/1503"}],"wp:attachment":[{"href":"https:\/\/90-9fm.com\/wp\/wp-json\/wp\/v2\/media?parent=1502"}],"wp:term":[{"taxonomy":"category","embeddable":true,"href":"https:\/\/90-9fm.com\/wp\/wp-json\/wp\/v2\/categories?post=1502"},{"taxonomy":"post_tag","embeddable":true,"href":"https:\/\/90-9fm.com\/wp\/wp-json\/wp\/v2\/tags?post=1502"}],"curies":[{"name":"wp","href":"https:\/\/api.w.org\/{rel}","templated":true}]}}