{"id":1515,"date":"2021-08-24T00:28:27","date_gmt":"2021-08-24T00:28:27","guid":{"rendered":"http:\/\/90-9fm.com\/wp\/?p=1515"},"modified":"2021-08-24T00:28:27","modified_gmt":"2021-08-24T00:28:27","slug":"viceministro-de-salud-sugiere-adelantar-la-segunda-dosis-de-astrazeneca","status":"publish","type":"post","link":"https:\/\/90-9fm.com\/wp\/2021\/08\/24\/viceministro-de-salud-sugiere-adelantar-la-segunda-dosis-de-astrazeneca\/","title":{"rendered":"Viceministro de Salud sugiere adelantar la segunda dosis de AstraZeneca"},"content":{"rendered":"<p>El viceministro de Gobernanza y Vigilancia del Ministerio de Salud, Jos\u00e9 Ruales, anticip\u00f3 que el intervalo entre la primera y segunda dosis de la vacuna AstraZeneca ser\u00e1 adelantado de 84 a 64 d\u00edas. Durante una entrevista en Telerama, el viceministro brind\u00f3 m\u00e1s detalles de esta idea.<\/p>\n<p>La propuesta a\u00fan no ha sido oficializada por la cartera de Estado y es, por el momento, una sugerencia. \u201cEstamos convocando a \u00a0las personas que se vacunaron con la vacuna de AstraZeneca que adelantemos el intervalo de tres semanas\u201d, mencion\u00f3.<\/p>\n<p>La idea del viceministro Ruales es que tengan las dos dosis m\u00e1s r\u00e1pido y as\u00ed la inmunidad sea mayor en caso de contagio de la variante Delta. \u201cEsto puede reducir en alrededor de apenas un 3 % la eficacia, pero es mucho mejor que tener una inmunidad menor en caso de contagio\u201d, detall\u00f3.<\/p>\n<p>Seg\u00fan la disposici\u00f3n del Gobierno, todo inoculado con AstraZeneca debe acudir a los puntos de vacunaci\u00f3n luego de 84 d\u00edas. Ello porque entre mayor intervalo m\u00e1s efectiva es la vacuna. Sin embargo, las tres variantes del covid-19 se han propagado con rapidez durante el \u00faltimo mes en el Ecuador y por eso las autoridades buscan medidas para controlar la pandemia.<\/p>\n<p>Fuente:\u00a0https:\/\/www.eltelegrafo.com.ec\/noticias\/actualidad\/44\/viceministro-salud-segunda-dosis-astrazeneca<\/p>\n","protected":false},"excerpt":{"rendered":"<p>El viceministro de Gobernanza y Vigilancia del Ministerio de Salud, Jos\u00e9 Ruales, anticip\u00f3 que el intervalo entre la primera y<\/p>\n","protected":false},"author":1,"featured_media":1516,"comment_status":"closed","ping_status":"closed","sticky":false,"template":"","format":"standard","meta":{"colormag_page_container_layout":"default_layout","colormag_page_sidebar_layout":"default_layout","footnotes":""},"categories":[13],"tags":[],"class_list":["post-1515","post","type-post","status-publish","format-standard","has-post-thumbnail","hentry","category-destacados"],"_links":{"self":[{"href":"https:\/\/90-9fm.com\/wp\/wp-json\/wp\/v2\/posts\/1515","targetHints":{"allow":["GET"]}}],"collection":[{"href":"https:\/\/90-9fm.com\/wp\/wp-json\/wp\/v2\/posts"}],"about":[{"href":"https:\/\/90-9fm.com\/wp\/wp-json\/wp\/v2\/types\/post"}],"author":[{"embeddable":true,"href":"https:\/\/90-9fm.com\/wp\/wp-json\/wp\/v2\/users\/1"}],"replies":[{"embeddable":true,"href":"https:\/\/90-9fm.com\/wp\/wp-json\/wp\/v2\/comments?post=1515"}],"version-history":[{"count":1,"href":"https:\/\/90-9fm.com\/wp\/wp-json\/wp\/v2\/posts\/1515\/revisions"}],"predecessor-version":[{"id":1517,"href":"https:\/\/90-9fm.com\/wp\/wp-json\/wp\/v2\/posts\/1515\/revisions\/1517"}],"wp:featuredmedia":[{"embeddable":true,"href":"https:\/\/90-9fm.com\/wp\/wp-json\/wp\/v2\/media\/1516"}],"wp:attachment":[{"href":"https:\/\/90-9fm.com\/wp\/wp-json\/wp\/v2\/media?parent=1515"}],"wp:term":[{"taxonomy":"category","embeddable":true,"href":"https:\/\/90-9fm.com\/wp\/wp-json\/wp\/v2\/categories?post=1515"},{"taxonomy":"post_tag","embeddable":true,"href":"https:\/\/90-9fm.com\/wp\/wp-json\/wp\/v2\/tags?post=1515"}],"curies":[{"name":"wp","href":"https:\/\/api.w.org\/{rel}","templated":true}]}}