{"id":1733,"date":"2022-05-27T00:09:31","date_gmt":"2022-05-27T05:09:31","guid":{"rendered":"http:\/\/90-9fm.com\/wp\/?p=1733"},"modified":"2022-05-27T00:09:32","modified_gmt":"2022-05-27T05:09:32","slug":"cne-invitara-a-organismos-internacionales-a-observar-elecciones-2023","status":"publish","type":"post","link":"https:\/\/90-9fm.com\/wp\/2022\/05\/27\/cne-invitara-a-organismos-internacionales-a-observar-elecciones-2023\/","title":{"rendered":"CNE invitar\u00e1 a organismos internacionales a observar Elecciones 2023"},"content":{"rendered":"\n<p>El Pleno del Consejo Nacional Electoral (CNE), resolvi\u00f3 este jueves, 26 de mayo de 2022, aprobar el informe para invitar al proceso de observaci\u00f3n electoral a llevarse a cabo en 2023 a organismos internacionales.<\/p>\n\n\n\n<p>La invitaci\u00f3n ser\u00e1 extendida a la Uni\u00f3n Europea (UE), Organizaci\u00f3n de los Estados Americanos (OEA), Uni\u00f3n Interamericana de Organismos Electorales (UNIORE), Asociaci\u00f3n Mundial de Organismos Electorales (A-WEB), Asociaci\u00f3n de Magistrados Electorales de las Am\u00e9ricas (AMEA); Centro Carter y al Cuerpo Diplom\u00e1tico acreditado en el Ecuador.<\/p>\n\n\n\n<!--more-->\n\n\n\n<p>Adem\u00e1s, y gracias al voto un\u00e1nime de los integrantes del CNE, se extender\u00e1 una invitaci\u00f3n a autoridades electorales de otros pa\u00edses, acad\u00e9micos y expertos en el \u00e1mbito electoral y democracia.<\/p>\n\n\n\n<p>Para este organismo lectoral ecuatoriano, este acompa\u00f1amiento, contribuir\u00e1 a ratificar la transparencia de los comicios que se efectuar\u00e1n el 5 de febrero de 2023.<\/p>\n\n\n\n<p>Fuente: https:\/\/www.eltelegrafo.com.ec\/noticias\/actualidad\/44\/cne-invita-organismos-internacionales-elecciones-2023<\/p>\n","protected":false},"excerpt":{"rendered":"<p>El Pleno del Consejo Nacional Electoral (CNE), resolvi\u00f3 este jueves, 26 de mayo de 2022, aprobar el informe para invitar<\/p>\n","protected":false},"author":1,"featured_media":1734,"comment_status":"closed","ping_status":"closed","sticky":false,"template":"","format":"standard","meta":{"colormag_page_container_layout":"default_layout","colormag_page_sidebar_layout":"default_layout","footnotes":""},"categories":[5],"tags":[],"class_list":["post-1733","post","type-post","status-publish","format-standard","has-post-thumbnail","hentry","category-noticias"],"_links":{"self":[{"href":"https:\/\/90-9fm.com\/wp\/wp-json\/wp\/v2\/posts\/1733","targetHints":{"allow":["GET"]}}],"collection":[{"href":"https:\/\/90-9fm.com\/wp\/wp-json\/wp\/v2\/posts"}],"about":[{"href":"https:\/\/90-9fm.com\/wp\/wp-json\/wp\/v2\/types\/post"}],"author":[{"embeddable":true,"href":"https:\/\/90-9fm.com\/wp\/wp-json\/wp\/v2\/users\/1"}],"replies":[{"embeddable":true,"href":"https:\/\/90-9fm.com\/wp\/wp-json\/wp\/v2\/comments?post=1733"}],"version-history":[{"count":1,"href":"https:\/\/90-9fm.com\/wp\/wp-json\/wp\/v2\/posts\/1733\/revisions"}],"predecessor-version":[{"id":1735,"href":"https:\/\/90-9fm.com\/wp\/wp-json\/wp\/v2\/posts\/1733\/revisions\/1735"}],"wp:featuredmedia":[{"embeddable":true,"href":"https:\/\/90-9fm.com\/wp\/wp-json\/wp\/v2\/media\/1734"}],"wp:attachment":[{"href":"https:\/\/90-9fm.com\/wp\/wp-json\/wp\/v2\/media?parent=1733"}],"wp:term":[{"taxonomy":"category","embeddable":true,"href":"https:\/\/90-9fm.com\/wp\/wp-json\/wp\/v2\/categories?post=1733"},{"taxonomy":"post_tag","embeddable":true,"href":"https:\/\/90-9fm.com\/wp\/wp-json\/wp\/v2\/tags?post=1733"}],"curies":[{"name":"wp","href":"https:\/\/api.w.org\/{rel}","templated":true}]}}