{"id":1891,"date":"2022-06-22T17:34:42","date_gmt":"2022-06-22T22:34:42","guid":{"rendered":"http:\/\/90-9fm.com\/wp\/?p=1891"},"modified":"2022-06-22T17:34:43","modified_gmt":"2022-06-22T22:34:43","slug":"el-764-de-la-poblacion-espera-que-concluya-el-paro-segun-encuesta","status":"publish","type":"post","link":"https:\/\/90-9fm.com\/wp\/2022\/06\/22\/el-764-de-la-poblacion-espera-que-concluya-el-paro-segun-encuesta\/","title":{"rendered":"El 76,4% de la poblaci\u00f3n espera que concluya el paro, seg\u00fan encuesta"},"content":{"rendered":"\n<p>El&nbsp;<strong>76,4%<\/strong>&nbsp;de la poblaci\u00f3n desear\u00eda que el&nbsp;<strong>paro nacional no contin\u00fae m\u00e1s<\/strong>&nbsp;en el pa\u00eds. Seg\u00fan una encuesta de<strong>&nbsp;CEDATOS<\/strong>, hay tambi\u00e9n una mayor\u00eda de ecuatorianos que<strong>&nbsp;no est\u00e1n de acuerdo con la forma de protesta.<\/strong><\/p>\n\n\n\n<p>La encuestadora entrevist\u00f3 a<strong>\u00a01.512 personas<\/strong>\u00a0de 12 ciudades del pa\u00eds para conocer su perspectiva sobre la movilizaci\u00f3n que emprendi\u00f3 la\u00a0<strong>Confederaci\u00f3n de Nacionalidades Ind\u00edgenas del Ecuador<\/strong>\u00a0(Conaie) y que, tras 10 d\u00edas, ha registrado\u00a0<strong>actos violentos y vandalismo<\/strong>\u00a0en seis provincias.<\/p>\n\n\n\n<!--more-->\n\n\n\n<p>Con un<strong>&nbsp;nivel de confianza del 95%<\/strong>&nbsp;y margen de error del +2-5%, CEDATOS indic\u00f3 que<strong>&nbsp;el 64,2% no apoya<\/strong>&nbsp;el curso en el que se han desarrollado las manifestaciones, mientras que el 30,9% est\u00e1 de acuerdo. Sin embargo,&nbsp;<strong>el 50,3% justifica el paro<\/strong>, en contraposici\u00f3n del 43,8% que considera no hay motivos.<\/p>\n\n\n\n<p>Para los ciudadanos que no apoyan lo que ocurre en el pa\u00eds, que hasta la fecha ha cobrado la vida de dos manifestantes, dos pacientes que no pudieron llegar a hospitales por cierre de v\u00edas, dos ciudades sitiadas y escasez de alimentos; las principales causas para estar en contra del paro es por el<strong>\u00a0vandalismo<\/strong>\u00a0(29,5%), hay que\u00a0<strong>trabajar para reactivar la econom\u00eda<\/strong>\u00a0(27,2%), el trasfondo es pol\u00edtico para\u00a0<strong>derrocar al Gobierno<\/strong>\u00a0(16%),\u00a0<strong>los ind\u00edgenas no representan a todo el pa\u00eds<\/strong>\u00a0(11,5%) y son los mismos que ocasionaron el<strong>\u00a0caos de octubre de 2019<\/strong>\u00a0(6,3%).<\/p>\n\n\n\n<p>Adem\u00e1s, un 61% de los encuestados apoya los<strong>&nbsp;plantones pac\u00edficos<\/strong>&nbsp;en contra de la movilizaci\u00f3n ind\u00edgena. Estos eventos se han realizado en Quito y Guayaquil, como un<strong>&nbsp;llamado a la paz.<\/strong><\/p>\n\n\n\n<p>En lo que existe una amplia mayor\u00eda es en finalizar el paro nacional, que podr\u00eda\u00a0<strong>concluir si la Conaie acepta la propuesta de di\u00e1logo<\/strong>\u00a0con el Gobierno. El<strong>\u00a076,4%<\/strong>\u00a0considera que las movilizaciones no deben continuar, a excepci\u00f3n de un\u00a0<strong>20,5%<\/strong>\u00a0que asegura hay que\u00a0<strong>mantener las paralizaciones,<\/strong>\u00a0fuera de la invitaci\u00f3n hecha por el Ejecutivo para encontrar una soluci\u00f3n con el movimiento ind\u00edgena.<\/p>\n\n\n\n<p>Fuente:https:\/\/www.eltelegrafo.com.ec\/noticias\/actualidad\/44\/encuesta-paro-nacional-cedatos<\/p>\n","protected":false},"excerpt":{"rendered":"<p>El&nbsp;76,4%&nbsp;de la poblaci\u00f3n desear\u00eda que el&nbsp;paro nacional no contin\u00fae m\u00e1s&nbsp;en el pa\u00eds. Seg\u00fan una encuesta de&nbsp;CEDATOS, hay tambi\u00e9n una mayor\u00eda<\/p>\n","protected":false},"author":1,"featured_media":1892,"comment_status":"closed","ping_status":"closed","sticky":false,"template":"","format":"standard","meta":{"colormag_page_container_layout":"default_layout","colormag_page_sidebar_layout":"default_layout","footnotes":""},"categories":[5],"tags":[],"class_list":["post-1891","post","type-post","status-publish","format-standard","has-post-thumbnail","hentry","category-noticias"],"_links":{"self":[{"href":"https:\/\/90-9fm.com\/wp\/wp-json\/wp\/v2\/posts\/1891","targetHints":{"allow":["GET"]}}],"collection":[{"href":"https:\/\/90-9fm.com\/wp\/wp-json\/wp\/v2\/posts"}],"about":[{"href":"https:\/\/90-9fm.com\/wp\/wp-json\/wp\/v2\/types\/post"}],"author":[{"embeddable":true,"href":"https:\/\/90-9fm.com\/wp\/wp-json\/wp\/v2\/users\/1"}],"replies":[{"embeddable":true,"href":"https:\/\/90-9fm.com\/wp\/wp-json\/wp\/v2\/comments?post=1891"}],"version-history":[{"count":1,"href":"https:\/\/90-9fm.com\/wp\/wp-json\/wp\/v2\/posts\/1891\/revisions"}],"predecessor-version":[{"id":1893,"href":"https:\/\/90-9fm.com\/wp\/wp-json\/wp\/v2\/posts\/1891\/revisions\/1893"}],"wp:featuredmedia":[{"embeddable":true,"href":"https:\/\/90-9fm.com\/wp\/wp-json\/wp\/v2\/media\/1892"}],"wp:attachment":[{"href":"https:\/\/90-9fm.com\/wp\/wp-json\/wp\/v2\/media?parent=1891"}],"wp:term":[{"taxonomy":"category","embeddable":true,"href":"https:\/\/90-9fm.com\/wp\/wp-json\/wp\/v2\/categories?post=1891"},{"taxonomy":"post_tag","embeddable":true,"href":"https:\/\/90-9fm.com\/wp\/wp-json\/wp\/v2\/tags?post=1891"}],"curies":[{"name":"wp","href":"https:\/\/api.w.org\/{rel}","templated":true}]}}