{"id":2012,"date":"2022-07-12T23:16:30","date_gmt":"2022-07-13T04:16:30","guid":{"rendered":"http:\/\/90-9fm.com\/wp\/?p=2012"},"modified":"2022-07-12T23:16:31","modified_gmt":"2022-07-13T04:16:31","slug":"la-oms-confirma-aumento-de-casos-de-viruela-del-mono","status":"publish","type":"post","link":"https:\/\/90-9fm.com\/wp\/2022\/07\/12\/la-oms-confirma-aumento-de-casos-de-viruela-del-mono\/","title":{"rendered":"La OMS confirma aumento de casos de viruela del mono"},"content":{"rendered":"\n<p>La Organizaci\u00f3n Mundial de la Salud (OMS) confirm\u00f3 que los casos de viruela del mono aumentaron ha m\u00e1s de 9 200 en 63 pa\u00edses del mundo.<\/p>\n\n\n\n<!--more-->\n\n\n\n<p>As\u00ed lo confirm\u00f3 Tedros Adhanom Ghebreyesus, director general de la OMS, quien detall\u00f3 adem\u00e1s que la pr\u00f3xima semana se reunir\u00e1 de nuevo el comit\u00e9 de emergencia para evaluar la situaci\u00f3n, as\u00ed como para estudiar nuevos cambios en el virus que provoca la viruela del mono, con la finalidad de definir si se cambia la estrategia y se declara a la enfermedad como emergencia de salud p\u00fablica de inter\u00e9s internacional.<\/p>\n\n\n\n<p>Tedros volvi\u00f3 a solicitar a la sociedad civil que se termine con el estigma de la enfermedad y coordinar la entrega de vacunas y el desarrollo de nuevas terapias.<\/p>\n\n\n\n<p>Seg\u00fan la agencia de noticias Europa Press, \u201cPor otro lado, miembros de la OMS han explicado que no constan que la enfermedad se transmite por la ingesta de alimentos contaminados. \u00abNo hay pruebas de que haya pasado de los alimentos a las personas, pero s\u00ed hay datos que sugieren que superficies contaminadas, como en establecimientos sanitarios, s\u00ed podr\u00eda ser una v\u00eda de contagio\u00bb, ha detallado el director ejecutivo del Programa de Emergencias de la OMS, Michael Ryan\u201d.<\/p>\n\n\n\n<p>Fuente: https:\/\/www.eltelegrafo.com.ec\/noticias\/mundo\/8\/la-oms-confirma-aumento-de-casos-de-viruela-del-mono<\/p>\n","protected":false},"excerpt":{"rendered":"<p>La Organizaci\u00f3n Mundial de la Salud (OMS) confirm\u00f3 que los casos de viruela del mono aumentaron ha m\u00e1s de 9<\/p>\n","protected":false},"author":1,"featured_media":2013,"comment_status":"closed","ping_status":"closed","sticky":false,"template":"","format":"standard","meta":{"colormag_page_container_layout":"default_layout","colormag_page_sidebar_layout":"default_layout","footnotes":""},"categories":[5],"tags":[],"class_list":["post-2012","post","type-post","status-publish","format-standard","has-post-thumbnail","hentry","category-noticias"],"_links":{"self":[{"href":"https:\/\/90-9fm.com\/wp\/wp-json\/wp\/v2\/posts\/2012","targetHints":{"allow":["GET"]}}],"collection":[{"href":"https:\/\/90-9fm.com\/wp\/wp-json\/wp\/v2\/posts"}],"about":[{"href":"https:\/\/90-9fm.com\/wp\/wp-json\/wp\/v2\/types\/post"}],"author":[{"embeddable":true,"href":"https:\/\/90-9fm.com\/wp\/wp-json\/wp\/v2\/users\/1"}],"replies":[{"embeddable":true,"href":"https:\/\/90-9fm.com\/wp\/wp-json\/wp\/v2\/comments?post=2012"}],"version-history":[{"count":1,"href":"https:\/\/90-9fm.com\/wp\/wp-json\/wp\/v2\/posts\/2012\/revisions"}],"predecessor-version":[{"id":2014,"href":"https:\/\/90-9fm.com\/wp\/wp-json\/wp\/v2\/posts\/2012\/revisions\/2014"}],"wp:featuredmedia":[{"embeddable":true,"href":"https:\/\/90-9fm.com\/wp\/wp-json\/wp\/v2\/media\/2013"}],"wp:attachment":[{"href":"https:\/\/90-9fm.com\/wp\/wp-json\/wp\/v2\/media?parent=2012"}],"wp:term":[{"taxonomy":"category","embeddable":true,"href":"https:\/\/90-9fm.com\/wp\/wp-json\/wp\/v2\/categories?post=2012"},{"taxonomy":"post_tag","embeddable":true,"href":"https:\/\/90-9fm.com\/wp\/wp-json\/wp\/v2\/tags?post=2012"}],"curies":[{"name":"wp","href":"https:\/\/api.w.org\/{rel}","templated":true}]}}