{"id":2212,"date":"2023-03-15T17:36:55","date_gmt":"2023-03-15T22:36:55","guid":{"rendered":"http:\/\/90-9fm.com\/wp\/?p=2212"},"modified":"2023-03-15T17:36:55","modified_gmt":"2023-03-15T22:36:55","slug":"fuerzas-militares-de-ecuador-y-colombia-mantuvieron-una-nueva-reunion-para-fortalecer-la-frontera","status":"publish","type":"post","link":"https:\/\/90-9fm.com\/wp\/2023\/03\/15\/fuerzas-militares-de-ecuador-y-colombia-mantuvieron-una-nueva-reunion-para-fortalecer-la-frontera\/","title":{"rendered":"Fuerzas militares de Ecuador y Colombia mantuvieron una nueva reuni\u00f3n para fortalecer la frontera"},"content":{"rendered":"\n<p>Fuerzas militares de Ecuador y Colombia mantuvieron una nueva reuni\u00f3n de forma telem\u00e1tica este mi\u00e9rcoles, 14 de marzo de 2023, para fortalecer la zona fronteriza. Aunque en un inicio ser\u00eda de forma presencial, los altos mandos colombianos no pudieron llegar hacia Tulc\u00e1n, provincia del Carchi, por el mal tiempo.&nbsp;Las delegaciones estuvieron lideradas por Nelson Proa\u00f1o Rodr\u00edguez, jefe del Comando Conjunto de las Fuerzas Armadas del Ecuador, y Helder Fern\u00e1n Giraldo Bonilla, comandante general de las Fuerzas Militares de Colombia.<\/p>\n\n\n\n<!--more-->\n\n\n\n<p>Durante esta reuni\u00f3n se evalu\u00f3 el plan para neutralizar la amenaza del narcotr\u00e1fico y delitos conexos en la frontera.\u00a0\u201cTenemos una misma misi\u00f3n en nuestras patrias y la expectativa de todos los conciudadanos que necesitan seguridad\u201d, se\u00f1al\u00f3 Proa\u00f1o.<\/p>\n\n\n\n<p>En declaraciones a la prensa, el comandante de las Fuerzas Armadas mencion\u00f3 que entre los acuerdos alcanzados est\u00e1n el fortalecimiento en el intercambio de informaci\u00f3n y de inteligencia, mejorar los canales de comunicaci\u00f3n en los niveles operativo y t\u00e1ctico, sostener las operaciones para desmantelar laboratorios de droga e incrementar actividades de contrainteligencia para evitar que miembros de esas instituciones colaboren con bandas delictivas.<\/p>\n\n\n\n<p>Este es el tercer encuentro que mantienen los altos mandos militares de ambos pa\u00edses, la primera se desarroll\u00f3 en Colombia el pasado 28 de diciembre de 2022.<\/p>\n\n\n\n<p>Fuente: https:\/\/www.eltelegrafo.com.ec\/noticias\/actualidad\/44\/fuerzas-militares-de-ecuador-y-colombia-mantuvieron-una-nueva-reunion-para-fortalecer-la-frontera<\/p>\n","protected":false},"excerpt":{"rendered":"<p>Fuerzas militares de Ecuador y Colombia mantuvieron una nueva reuni\u00f3n de forma telem\u00e1tica este mi\u00e9rcoles, 14 de marzo de 2023,<\/p>\n","protected":false},"author":1,"featured_media":2213,"comment_status":"closed","ping_status":"closed","sticky":false,"template":"","format":"standard","meta":{"colormag_page_container_layout":"default_layout","colormag_page_sidebar_layout":"default_layout","footnotes":""},"categories":[5],"tags":[],"class_list":["post-2212","post","type-post","status-publish","format-standard","has-post-thumbnail","hentry","category-noticias"],"_links":{"self":[{"href":"https:\/\/90-9fm.com\/wp\/wp-json\/wp\/v2\/posts\/2212","targetHints":{"allow":["GET"]}}],"collection":[{"href":"https:\/\/90-9fm.com\/wp\/wp-json\/wp\/v2\/posts"}],"about":[{"href":"https:\/\/90-9fm.com\/wp\/wp-json\/wp\/v2\/types\/post"}],"author":[{"embeddable":true,"href":"https:\/\/90-9fm.com\/wp\/wp-json\/wp\/v2\/users\/1"}],"replies":[{"embeddable":true,"href":"https:\/\/90-9fm.com\/wp\/wp-json\/wp\/v2\/comments?post=2212"}],"version-history":[{"count":1,"href":"https:\/\/90-9fm.com\/wp\/wp-json\/wp\/v2\/posts\/2212\/revisions"}],"predecessor-version":[{"id":2214,"href":"https:\/\/90-9fm.com\/wp\/wp-json\/wp\/v2\/posts\/2212\/revisions\/2214"}],"wp:featuredmedia":[{"embeddable":true,"href":"https:\/\/90-9fm.com\/wp\/wp-json\/wp\/v2\/media\/2213"}],"wp:attachment":[{"href":"https:\/\/90-9fm.com\/wp\/wp-json\/wp\/v2\/media?parent=2212"}],"wp:term":[{"taxonomy":"category","embeddable":true,"href":"https:\/\/90-9fm.com\/wp\/wp-json\/wp\/v2\/categories?post=2212"},{"taxonomy":"post_tag","embeddable":true,"href":"https:\/\/90-9fm.com\/wp\/wp-json\/wp\/v2\/tags?post=2212"}],"curies":[{"name":"wp","href":"https:\/\/api.w.org\/{rel}","templated":true}]}}