{"id":2366,"date":"2023-03-17T16:04:41","date_gmt":"2023-03-17T21:04:41","guid":{"rendered":"http:\/\/90-9fm.com\/wp\/?p=2366"},"modified":"2023-03-17T16:04:42","modified_gmt":"2023-03-17T21:04:42","slug":"usd-4-7-millones-en-ahorro-para-el-sector-productivo-tras-dos-meses-de-dialogo","status":"publish","type":"post","link":"https:\/\/90-9fm.com\/wp\/2023\/03\/17\/usd-4-7-millones-en-ahorro-para-el-sector-productivo-tras-dos-meses-de-dialogo\/","title":{"rendered":"USD 4.7 millones en ahorro para el sector productivo, tras dos meses de di\u00e1logo"},"content":{"rendered":"\n<p>Tras dos meses de trabajo entre el sector productivo p\u00fablico y privado, este viernes, 17 de marzo de 2023, se presentaron los primeros resultados de las Mesas Productivas impulsadas por el Gobierno. Esta ma\u00f1ana se realiz\u00f3 la presentaci\u00f3n de avances correspondientes a la Mesa Productiva de Agencias de Control y Competitividad.<\/p>\n\n\n\n<!--more-->\n\n\n\n<p>El ministro de Producci\u00f3n, Julio Jos\u00e9 Prado, inform\u00f3 que durante este este tiempo se cuantific\u00f3 un ahorro de USD 4.787.259 para los sectores productivos. Esto, corresponde a la reducci\u00f3n inmediata en las tarifas y tasas gravadas por la Agencia Nacional de Regulaci\u00f3n, Control y Vigilancia Sanitaria (ARCSA), el Servicio Ecuatoriano de Normalizaci\u00f3n (INEN) y el Servicio de Acreditaci\u00f3n Ecuatoriano (SAE), en los tr\u00e1mites para los sectores productivos.<\/p>\n\n\n\n<p>El Ministro de Gobierno, Henry Cucal\u00f3n, puntualiz\u00f3 que las mesas productivas reflejan la firme convicci\u00f3n del Gobierno, de sacar adelante al sector empresarial y encontrar juntos las soluciones que el pa\u00eds necesita. \u201cTrabajamos para que el sector productivo tenga las garant\u00edas suficientes para que saquen lo mejor de s\u00ed, generen empleo y mayores oportunidades\u201d, acot\u00f3.<\/p>\n\n\n\n<p>Por su parte, Gabriela Uquillas, directora ejecutiva del Comit\u00e9 Empresarial Ecuatoriano (CEE), mencion\u00f3 que, las mesas productivas demostraron que trabajar de la mano sector p\u00fablico y privado es la f\u00f3rmula correcta. \u201cNo nos vamos a detener, de parte del sector productivo y el CEE, con los 134 gremios que lo conforman trabajaremos todos los d\u00edas, para tener un Ecuador m\u00e1s competitivo, con m\u00e1s oportunidades\u201d.<\/p>\n\n\n\n<p>La siguiente mesa en instalarse ser\u00e1 la de Comercio Exterior y en los pr\u00f3ximos d\u00edas se presentar\u00e1n avances de la Mesa de Seguridad y Productividad.<\/p>\n\n\n\n<p>Fuente: https:\/\/www.eltelegrafo.com.ec\/noticias\/actualidad\/44\/usd-4-7-millones-en-ahorro-para-el-sector-productivo-tras-dos-meses-de-dialogo<\/p>\n","protected":false},"excerpt":{"rendered":"<p>Tras dos meses de trabajo entre el sector productivo p\u00fablico y privado, este viernes, 17 de marzo de 2023, se<\/p>\n","protected":false},"author":1,"featured_media":2367,"comment_status":"closed","ping_status":"closed","sticky":false,"template":"","format":"standard","meta":{"colormag_page_container_layout":"default_layout","colormag_page_sidebar_layout":"default_layout","footnotes":""},"categories":[5],"tags":[],"class_list":["post-2366","post","type-post","status-publish","format-standard","has-post-thumbnail","hentry","category-noticias"],"_links":{"self":[{"href":"https:\/\/90-9fm.com\/wp\/wp-json\/wp\/v2\/posts\/2366","targetHints":{"allow":["GET"]}}],"collection":[{"href":"https:\/\/90-9fm.com\/wp\/wp-json\/wp\/v2\/posts"}],"about":[{"href":"https:\/\/90-9fm.com\/wp\/wp-json\/wp\/v2\/types\/post"}],"author":[{"embeddable":true,"href":"https:\/\/90-9fm.com\/wp\/wp-json\/wp\/v2\/users\/1"}],"replies":[{"embeddable":true,"href":"https:\/\/90-9fm.com\/wp\/wp-json\/wp\/v2\/comments?post=2366"}],"version-history":[{"count":1,"href":"https:\/\/90-9fm.com\/wp\/wp-json\/wp\/v2\/posts\/2366\/revisions"}],"predecessor-version":[{"id":2368,"href":"https:\/\/90-9fm.com\/wp\/wp-json\/wp\/v2\/posts\/2366\/revisions\/2368"}],"wp:featuredmedia":[{"embeddable":true,"href":"https:\/\/90-9fm.com\/wp\/wp-json\/wp\/v2\/media\/2367"}],"wp:attachment":[{"href":"https:\/\/90-9fm.com\/wp\/wp-json\/wp\/v2\/media?parent=2366"}],"wp:term":[{"taxonomy":"category","embeddable":true,"href":"https:\/\/90-9fm.com\/wp\/wp-json\/wp\/v2\/categories?post=2366"},{"taxonomy":"post_tag","embeddable":true,"href":"https:\/\/90-9fm.com\/wp\/wp-json\/wp\/v2\/tags?post=2366"}],"curies":[{"name":"wp","href":"https:\/\/api.w.org\/{rel}","templated":true}]}}