{"id":2369,"date":"2023-03-17T16:06:36","date_gmt":"2023-03-17T21:06:36","guid":{"rendered":"http:\/\/90-9fm.com\/wp\/?p=2369"},"modified":"2023-03-17T16:06:38","modified_gmt":"2023-03-17T21:06:38","slug":"guerra-de-ucrania-rusia-jueces-de-la-cpi-emiten-ordenes-de-arresto-contra-putin-y-funcionaria","status":"publish","type":"post","link":"https:\/\/90-9fm.com\/wp\/2023\/03\/17\/guerra-de-ucrania-rusia-jueces-de-la-cpi-emiten-ordenes-de-arresto-contra-putin-y-funcionaria\/","title":{"rendered":"Guerra de Ucrania-Rusia: Jueces de la CPI emiten \u00f3rdenes de arresto contra Putin y funcionaria"},"content":{"rendered":"\n<p>En el contexto de la guerra entre Ucrania y Rusia, jueces de la Sala de Cuestiones Preliminares de la Corte Penal Internacional (CPI) emitieron \u00f3rdenes de arresto para el presidente ruso Vladimir Putin y la comisionada para los Derechos del Ni\u00f1o, Mar\u00eda Lvova-Belova.&nbsp;<\/p>\n\n\n\n<!--more-->\n\n\n\n<p>La medida se tom\u00f3 este viernes, 17 de marzo de 2023. El motivo es que ambos son presuntamente responsables de cr\u00edmenes de guerra, deportaci\u00f3n y traslado ilegal de poblaci\u00f3n vulnerable -ni\u00f1os y ni\u00f1as-.&nbsp;<\/p>\n\n\n\n<p>Los delitos -aducen los jueces- se habr\u00edan perpetrado en territorio ucraniano, desde febrero de 2022.&nbsp;<\/p>\n\n\n\n<p>La Sala adem\u00e1s coment\u00f3 que las investigaciones son secretas para proteger a las v\u00edctimas y testigos de la investigaci\u00f3n. Esta se realiza desde febrero de 2023.<\/p>\n\n\n\n<p>Fuente: https:\/\/www.eltelegrafo.com.ec\/noticias\/mundo\/8\/guerra-ucrania-rusia-jueces-cpi-emiten-ordenes-arresto-contra-putin-funcionaria<\/p>\n","protected":false},"excerpt":{"rendered":"<p>En el contexto de la guerra entre Ucrania y Rusia, jueces de la Sala de Cuestiones Preliminares de la Corte<\/p>\n","protected":false},"author":1,"featured_media":2370,"comment_status":"closed","ping_status":"closed","sticky":false,"template":"","format":"standard","meta":{"colormag_page_container_layout":"default_layout","colormag_page_sidebar_layout":"default_layout","footnotes":""},"categories":[5],"tags":[],"class_list":["post-2369","post","type-post","status-publish","format-standard","has-post-thumbnail","hentry","category-noticias"],"_links":{"self":[{"href":"https:\/\/90-9fm.com\/wp\/wp-json\/wp\/v2\/posts\/2369","targetHints":{"allow":["GET"]}}],"collection":[{"href":"https:\/\/90-9fm.com\/wp\/wp-json\/wp\/v2\/posts"}],"about":[{"href":"https:\/\/90-9fm.com\/wp\/wp-json\/wp\/v2\/types\/post"}],"author":[{"embeddable":true,"href":"https:\/\/90-9fm.com\/wp\/wp-json\/wp\/v2\/users\/1"}],"replies":[{"embeddable":true,"href":"https:\/\/90-9fm.com\/wp\/wp-json\/wp\/v2\/comments?post=2369"}],"version-history":[{"count":1,"href":"https:\/\/90-9fm.com\/wp\/wp-json\/wp\/v2\/posts\/2369\/revisions"}],"predecessor-version":[{"id":2371,"href":"https:\/\/90-9fm.com\/wp\/wp-json\/wp\/v2\/posts\/2369\/revisions\/2371"}],"wp:featuredmedia":[{"embeddable":true,"href":"https:\/\/90-9fm.com\/wp\/wp-json\/wp\/v2\/media\/2370"}],"wp:attachment":[{"href":"https:\/\/90-9fm.com\/wp\/wp-json\/wp\/v2\/media?parent=2369"}],"wp:term":[{"taxonomy":"category","embeddable":true,"href":"https:\/\/90-9fm.com\/wp\/wp-json\/wp\/v2\/categories?post=2369"},{"taxonomy":"post_tag","embeddable":true,"href":"https:\/\/90-9fm.com\/wp\/wp-json\/wp\/v2\/tags?post=2369"}],"curies":[{"name":"wp","href":"https:\/\/api.w.org\/{rel}","templated":true}]}}