{"id":2384,"date":"2023-03-18T09:12:59","date_gmt":"2023-03-18T14:12:59","guid":{"rendered":"http:\/\/90-9fm.com\/wp\/?p=2384"},"modified":"2023-03-18T09:12:59","modified_gmt":"2023-03-18T14:12:59","slug":"snai-activa-protocolo-de-busqueda-luego-que-junior-roldan-se-retirara-el-grillete-electronico","status":"publish","type":"post","link":"https:\/\/90-9fm.com\/wp\/2023\/03\/18\/snai-activa-protocolo-de-busqueda-luego-que-junior-roldan-se-retirara-el-grillete-electronico\/","title":{"rendered":"SNAI activa protocolo de b\u00fasqueda luego que Junior Rold\u00e1n se retirara el grillete electr\u00f3nico"},"content":{"rendered":"\n<p>Junior Rold\u00e1n, uno de los l\u00edderes de \u201cLos Choneros\u201d, se retir\u00f3 el grillete electr\u00f3nico, seg\u00fan confirm\u00f3 este viernes, 17 de marzo de 2023, el Servicio Nacional de Atenci\u00f3n a Personas Adultas privadas de la Libertad (SNAI). Rold\u00e1n result\u00f3 herido la noche de este jueves tras sufrir un atentado en El Triunfo, provincia del Guayas.<\/p>\n\n\n\n<!--more-->\n\n\n\n<p>La ubicaci\u00f3n del dispositivo del \u00abJR\u00bb se registr\u00f3 hasta las 2:32 de hoy. Posteriormente, el Centro de Monitoreo recibi\u00f3 una alerta de \u00abpulsera quitada\u00bb y procedi\u00f3 a comunicarse con el usuario. Sin embargo, al no obtener ninguna respuesta gener\u00f3 la alerta de \u201cpulsera quitada\u201d, a fin de seguir el procedimiento correspondiente y gestionar la ubicaci\u00f3n y rastreo del dispositivo en coordinaci\u00f3n con la Polic\u00eda Nacional.<\/p>\n\n\n\n<p>Las autoridades indicaron que el hecho tambi\u00e9n fue notificado al juez que otorg\u00f3 el beneficio penitenciario de prelibertad, \u201ccon el objetivo de poner en conocimiento sobre el mal uso del dispositivo de vigilancia\u201d.<\/p>\n\n\n\n<p>Rold\u00e1n obtuvo su libertad el pasado 14 de febrero de 2023, tras obtener un \u201chabeas corpus\u201d que le permiti\u00f3 acogerse a la prelibertad. Desde entonces, el SNAI coloc\u00f3 un dispositivo de vigilancia electr\u00f3nica (DVE). El Centro de Monitoreo activ\u00f3 protocolos de vigilancia sobre el dispositivo del usuario, que se encontraba bajo revisi\u00f3n las 24 horas del d\u00eda.<\/p>\n\n\n\n<p>Fuente: https:\/\/www.eltelegrafo.com.ec\/noticias\/actualidad\/44\/snai-activa-protocolo-de-busqueda-luego-que-junior-roldan-se-retirara-el-grillete-electronico<\/p>\n","protected":false},"excerpt":{"rendered":"<p>Junior Rold\u00e1n, uno de los l\u00edderes de \u201cLos Choneros\u201d, se retir\u00f3 el grillete electr\u00f3nico, seg\u00fan confirm\u00f3 este viernes, 17 de<\/p>\n","protected":false},"author":1,"featured_media":2385,"comment_status":"closed","ping_status":"closed","sticky":false,"template":"","format":"standard","meta":{"colormag_page_container_layout":"default_layout","colormag_page_sidebar_layout":"default_layout","footnotes":""},"categories":[5],"tags":[],"class_list":["post-2384","post","type-post","status-publish","format-standard","has-post-thumbnail","hentry","category-noticias"],"_links":{"self":[{"href":"https:\/\/90-9fm.com\/wp\/wp-json\/wp\/v2\/posts\/2384","targetHints":{"allow":["GET"]}}],"collection":[{"href":"https:\/\/90-9fm.com\/wp\/wp-json\/wp\/v2\/posts"}],"about":[{"href":"https:\/\/90-9fm.com\/wp\/wp-json\/wp\/v2\/types\/post"}],"author":[{"embeddable":true,"href":"https:\/\/90-9fm.com\/wp\/wp-json\/wp\/v2\/users\/1"}],"replies":[{"embeddable":true,"href":"https:\/\/90-9fm.com\/wp\/wp-json\/wp\/v2\/comments?post=2384"}],"version-history":[{"count":1,"href":"https:\/\/90-9fm.com\/wp\/wp-json\/wp\/v2\/posts\/2384\/revisions"}],"predecessor-version":[{"id":2386,"href":"https:\/\/90-9fm.com\/wp\/wp-json\/wp\/v2\/posts\/2384\/revisions\/2386"}],"wp:featuredmedia":[{"embeddable":true,"href":"https:\/\/90-9fm.com\/wp\/wp-json\/wp\/v2\/media\/2385"}],"wp:attachment":[{"href":"https:\/\/90-9fm.com\/wp\/wp-json\/wp\/v2\/media?parent=2384"}],"wp:term":[{"taxonomy":"category","embeddable":true,"href":"https:\/\/90-9fm.com\/wp\/wp-json\/wp\/v2\/categories?post=2384"},{"taxonomy":"post_tag","embeddable":true,"href":"https:\/\/90-9fm.com\/wp\/wp-json\/wp\/v2\/tags?post=2384"}],"curies":[{"name":"wp","href":"https:\/\/api.w.org\/{rel}","templated":true}]}}