{"id":2502,"date":"2023-03-20T16:07:50","date_gmt":"2023-03-20T21:07:50","guid":{"rendered":"http:\/\/90-9fm.com\/wp\/?p=2502"},"modified":"2023-03-20T16:07:50","modified_gmt":"2023-03-20T21:07:50","slug":"policia-detiene-a-banda-dedicada-a-robar-en-el-transporte-publico-de-quito","status":"publish","type":"post","link":"https:\/\/90-9fm.com\/wp\/2023\/03\/20\/policia-detiene-a-banda-dedicada-a-robar-en-el-transporte-publico-de-quito\/","title":{"rendered":"Polic\u00eda detiene a banda dedicada a robar en el transporte p\u00fablico de Quito"},"content":{"rendered":"\n<p>Elementos de la Polic\u00eda Nacional en conjunto con equipos de seguridad del Trole y la Ecov\u00eda desarticularon una banda delincuencial que se dedicaba al hurto de celulares y billeteras en el transporte p\u00fablico y en el transporte p\u00fablico municipal de Quito.<\/p>\n\n\n\n<!--more-->\n\n\n\n<p>Seg\u00fan el parte policial, los presuntos delincuentes fueron interceptados en el sector de Guajal\u00f3, en el corredor norte de la Ecov\u00eda, y al verse acorralados huyeron hasta unas viviendas aleda\u00f1as donde fueron capturados. En su poder se encontraron 10 tel\u00e9fonos celulares, cuya procedencia no pudo ser justificada.<\/p>\n\n\n\n<p>Mauricio Cer\u00f3n, coordinador de Seguridad de la Empresa de Pasajeros, se\u00f1al\u00f3 que la banda estaba conformada por 7 integrantes, todos menores de edad, y que fueron apresados el pasado s\u00e1bado 18 de marzo de 2023, una vez que agentes policiales los identificaron y comprobaron el cometimiento de los delitos.<\/p>\n\n\n\n<p>Seg\u00fan autoridades, la captura de esta banda es el resultado, principalmente, de operaciones de inteligencia policial que se realizan diariamente en los diferentes sistemas de transporte p\u00fablico de Quito y donde se efect\u00faa el seguimiento a personas que est\u00e9n en actitud sospechosa.<\/p>\n\n\n\n<p>Fuente: https:\/\/www.eltelegrafo.com.ec\/noticias\/actualidad\/44\/policia-detiene-a-banda-dedicada-a-robar-en-el-transporte-publico-de-quito<\/p>\n","protected":false},"excerpt":{"rendered":"<p>Elementos de la Polic\u00eda Nacional en conjunto con equipos de seguridad del Trole y la Ecov\u00eda desarticularon una banda delincuencial<\/p>\n","protected":false},"author":1,"featured_media":2503,"comment_status":"closed","ping_status":"closed","sticky":false,"template":"","format":"standard","meta":{"colormag_page_container_layout":"default_layout","colormag_page_sidebar_layout":"default_layout","footnotes":""},"categories":[5],"tags":[],"class_list":["post-2502","post","type-post","status-publish","format-standard","has-post-thumbnail","hentry","category-noticias"],"_links":{"self":[{"href":"https:\/\/90-9fm.com\/wp\/wp-json\/wp\/v2\/posts\/2502","targetHints":{"allow":["GET"]}}],"collection":[{"href":"https:\/\/90-9fm.com\/wp\/wp-json\/wp\/v2\/posts"}],"about":[{"href":"https:\/\/90-9fm.com\/wp\/wp-json\/wp\/v2\/types\/post"}],"author":[{"embeddable":true,"href":"https:\/\/90-9fm.com\/wp\/wp-json\/wp\/v2\/users\/1"}],"replies":[{"embeddable":true,"href":"https:\/\/90-9fm.com\/wp\/wp-json\/wp\/v2\/comments?post=2502"}],"version-history":[{"count":1,"href":"https:\/\/90-9fm.com\/wp\/wp-json\/wp\/v2\/posts\/2502\/revisions"}],"predecessor-version":[{"id":2504,"href":"https:\/\/90-9fm.com\/wp\/wp-json\/wp\/v2\/posts\/2502\/revisions\/2504"}],"wp:featuredmedia":[{"embeddable":true,"href":"https:\/\/90-9fm.com\/wp\/wp-json\/wp\/v2\/media\/2503"}],"wp:attachment":[{"href":"https:\/\/90-9fm.com\/wp\/wp-json\/wp\/v2\/media?parent=2502"}],"wp:term":[{"taxonomy":"category","embeddable":true,"href":"https:\/\/90-9fm.com\/wp\/wp-json\/wp\/v2\/categories?post=2502"},{"taxonomy":"post_tag","embeddable":true,"href":"https:\/\/90-9fm.com\/wp\/wp-json\/wp\/v2\/tags?post=2502"}],"curies":[{"name":"wp","href":"https:\/\/api.w.org\/{rel}","templated":true}]}}