{"id":254,"date":"2017-07-04T21:10:32","date_gmt":"2017-07-04T21:10:32","guid":{"rendered":"http:\/\/90-9fm.com\/wp\/?p=254"},"modified":"2017-07-04T21:10:32","modified_gmt":"2017-07-04T21:10:32","slug":"emotiva-sesion-conmemorativa-de-aniversario","status":"publish","type":"post","link":"https:\/\/90-9fm.com\/wp\/2017\/07\/04\/emotiva-sesion-conmemorativa-de-aniversario\/","title":{"rendered":"Emotiva sesi\u00f3n conmemorativa de aniversario"},"content":{"rendered":"<div>\n<p class=\"x_gmail-western\" lang=\"es-EC\" align=\"justify\"><span style=\"color: #000000;\"><span style=\"font-family: Arial, serif;\"><span style=\"font-size: small;\"><span style=\"font-family: Arial, sans-serif;\">La entrega de un reconocimiento a la la fecunda labor de un ciudadano, quien por m\u00e1s de 25 a\u00f1os desempe\u00f1\u00f3 el cargo de Secretario General del Concejo Municipal de Santo Domingo, llen\u00f3 de alegr\u00eda, nostalgia y mucha emotividad en las personas que estuvieron presentes en la sesi\u00f3n conmemorativa por los 50 a\u00f1os de cantonizaci\u00f3n,<\/span><span style=\"font-family: Arial, sans-serif;\">\u00a0<\/span><span style=\"font-family: Arial, sans-serif;\">cuando el Alcalde el Alcalde V\u00edctor Manuel Quirola Maldonado entreg\u00f3 en manos del se\u00f1or Gustavo Ca\u00f1as Mora, este merecido y justo reconocimiento.<\/span><\/span><\/span><\/span><\/p>\n<p class=\"x_gmail-western\" lang=\"es-EC\" align=\"justify\"><span style=\"color: #000000;\"><span style=\"font-family: Arial, serif;\"><span style=\"font-size: small;\"><span style=\"font-family: Arial, sans-serif;\">Con esas<\/span>\u00a0<span style=\"font-family: Arial, sans-serif;\">caracter\u00edsticas<\/span>\u00a0<span style=\"font-family: Arial, sans-serif;\">se desarroll\u00f3 la sesi\u00f3n solemne conmemorativa que por los 50 a\u00f1os de cantonizaci\u00f3n de Santo Domingo, Bodas de Oro, que llev\u00f3 a efecto el Municipio del cant\u00f3n, evento al cual asistieron 21 alcaldes, 2<\/span>\u00a0<span style=\"font-family: Arial, sans-serif;\">prefectos y los embajadores de Francia, Corea del Sur, Costa Rica, Guatemala, y m\u00e1s invitados especiales y ciudadan\u00eda en general.<br \/>\n<\/span><\/span><\/span><\/span><\/p>\n<p class=\"x_gmail-western\" lang=\"es-EC\" align=\"justify\"><span style=\"color: #000000;\"><span style=\"font-family: Arial, serif;\"><span style=\"font-size: small;\"><span style=\"font-family: Arial, sans-serif;\">La concejala Johana N\u00fa\u00f1ez fue la encargada de aperturar<\/span>\u00a0<span style=\"font-family: Arial, sans-serif;\">el acto y el Dr. Juan Carlos Nev\u00e1rez resalt\u00f3 la relevante historia de pujanza y valent\u00eda<\/span>\u00a0<span style=\"font-family: Arial, sans-serif;\">vivida por la sociedad santodomingue\u00f1a desde sus inicios como parroquia y luego como cant\u00f3n<\/span>\u00a0<span style=\"font-family: Arial, sans-serif;\">y ahora como provincia.<\/p>\n<p>Cada uno de los concejales del cant\u00f3n realiz\u00f3 la entrega de<\/span>\u00a0<span style=\"font-family: Arial, sans-serif;\">reconocimientos a 13 personas e instituciones que de una u otra forma aportaron con su trabajo y ejemplo de vida, al desarrollo de Santo Domingo.<\/p>\n<p>La gobernadora de la provincia, Lcda. Mary Verdugo, a nombre del presidente de la Rep\u00fablica, Len\u00edn Moreno, hizo un llamado a la unidad de todas y todos los ciudadanos para alcanzar los objetivos que Santo Domingo anhela.<\/span><\/span><\/span><\/span><\/p>\n<p class=\"x_gmail-western\" lang=\"es-EC\" align=\"justify\"><span style=\"color: #000000;\"><span style=\"font-family: Arial, serif;\"><span style=\"font-size: small;\"><span style=\"font-family: Arial, sans-serif;\">Por su parte, el Alcalde V\u00edctor Manuel Quirola Maldonado, muy emocionado record\u00f3 varios pasajes de la historia de Santo Domingo, luego resalt\u00f3 la benigna zona del tr\u00f3pico h\u00famedo, la riqueza de la ganader\u00eda, agricultura y la diversidad cultural del cant\u00f3n.<\/span><\/span><\/span><\/span><\/p>\n<p class=\"x_gmail-western\" lang=\"es-EC\" align=\"justify\"><span style=\"color: #000000;\"><span style=\"font-family: Arial, serif;\"><span style=\"font-size: small;\"><span style=\"font-family: Arial, sans-serif;\">La planificaci\u00f3n es la principal herramienta de gobierno y gesti\u00f3n, \u201cEstamos desarrollando un nuevo modelo de ciudad, cercana a la gente, con servicios de calidad y equipamientos que potencien su desarrollo, una ciudad polic\u00e9ntrica que brinde oportunidades a sus habitantes que haga realidad el derecho a la ciudad&#8230;\u201d dijo.<\/span><\/span><\/span><\/span><\/p>\n<p class=\"x_gmail-western\" align=\"justify\"><span style=\"color: #000000;\"><span style=\"font-family: Arial, sans-serif;\"><span style=\"font-size: small;\"><span lang=\"es-EC\">Se destac\u00f3 la inversi\u00f3n en m\u00e1s de 100 millones d\u00f3lares en los proyectos de Alcantarillado Sanitario, de igual manera en agua potable. Se impulsa, junto al Gobierno Nacional y los cantones La Concordia y El Carmen para el ejecutar el Centro de Faenamiento Regional; Se reubic\u00f3 a m\u00e1s de 1600 comerciantes en el Mercado Municipal y otros de la ciudad;\u00a0<\/span><\/span><\/span><\/span><span style=\"color: #000000;\"><span style=\"font-family: Arial, sans-serif;\"><span style=\"font-size: small;\"><span lang=\"es-EC\">El reordenamiento del tr\u00e1nsito y la inversi\u00f3n de m\u00e1s de 20 millones de d\u00f3lares en vialidad.\u00a0<\/span><\/span><\/span><\/span><span style=\"color: #000000;\"><span style=\"font-family: Arial, sans-serif;\"><span style=\"font-size: small;\"><span lang=\"es-EC\">Otro de los proyectos es la que apuntala el cambio de visi\u00f3n, es la edificaci\u00f3n de la nueva Ciudad Comercial Chilachi\u00b4to. Finalmente el Alcalde hizo un llamado a la unidad y al di\u00e1logo, ya que solo unidos se lograr\u00e1 construir una ciudad m\u00e1s justa, equitativa e incluyente, dijo la Primera Autoridad Municipal.<\/span><\/span><\/span><\/span><\/p>\n<p class=\"x_gmail-western\" align=\"justify\">Fuente:\u00a0<b>GAD Municipal de Santo Domingo<\/b><\/p>\n<\/div>\n<p>&nbsp;<\/p>\n","protected":false},"excerpt":{"rendered":"<p>La entrega de un reconocimiento a la la fecunda labor de un ciudadano, quien por m\u00e1s de 25 a\u00f1os desempe\u00f1\u00f3<\/p>\n","protected":false},"author":1,"featured_media":255,"comment_status":"closed","ping_status":"closed","sticky":false,"template":"","format":"standard","meta":{"colormag_page_container_layout":"default_layout","colormag_page_sidebar_layout":"default_layout","footnotes":""},"categories":[5],"tags":[],"class_list":["post-254","post","type-post","status-publish","format-standard","has-post-thumbnail","hentry","category-noticias"],"_links":{"self":[{"href":"https:\/\/90-9fm.com\/wp\/wp-json\/wp\/v2\/posts\/254","targetHints":{"allow":["GET"]}}],"collection":[{"href":"https:\/\/90-9fm.com\/wp\/wp-json\/wp\/v2\/posts"}],"about":[{"href":"https:\/\/90-9fm.com\/wp\/wp-json\/wp\/v2\/types\/post"}],"author":[{"embeddable":true,"href":"https:\/\/90-9fm.com\/wp\/wp-json\/wp\/v2\/users\/1"}],"replies":[{"embeddable":true,"href":"https:\/\/90-9fm.com\/wp\/wp-json\/wp\/v2\/comments?post=254"}],"version-history":[{"count":1,"href":"https:\/\/90-9fm.com\/wp\/wp-json\/wp\/v2\/posts\/254\/revisions"}],"predecessor-version":[{"id":256,"href":"https:\/\/90-9fm.com\/wp\/wp-json\/wp\/v2\/posts\/254\/revisions\/256"}],"wp:featuredmedia":[{"embeddable":true,"href":"https:\/\/90-9fm.com\/wp\/wp-json\/wp\/v2\/media\/255"}],"wp:attachment":[{"href":"https:\/\/90-9fm.com\/wp\/wp-json\/wp\/v2\/media?parent=254"}],"wp:term":[{"taxonomy":"category","embeddable":true,"href":"https:\/\/90-9fm.com\/wp\/wp-json\/wp\/v2\/categories?post=254"},{"taxonomy":"post_tag","embeddable":true,"href":"https:\/\/90-9fm.com\/wp\/wp-json\/wp\/v2\/tags?post=254"}],"curies":[{"name":"wp","href":"https:\/\/api.w.org\/{rel}","templated":true}]}}