{"id":257,"date":"2017-07-04T21:14:13","date_gmt":"2017-07-04T21:14:13","guid":{"rendered":"http:\/\/90-9fm.com\/wp\/?p=257"},"modified":"2017-07-05T16:55:12","modified_gmt":"2017-07-05T16:55:12","slug":"presidente-moreno-recibio-a-los-lideres-de-los-partidos-socialista-y-comunista","status":"publish","type":"post","link":"https:\/\/90-9fm.com\/wp\/2017\/07\/04\/presidente-moreno-recibio-a-los-lideres-de-los-partidos-socialista-y-comunista\/","title":{"rendered":"PRESIDENTE MORENO RECIBI\u00d3 A LOS L\u00cdDERES DE LOS PARTIDOS SOCIALISTA Y COMUNISTA"},"content":{"rendered":"<div>Quito (Pichincha) .- Dos l\u00edderes pol\u00edticos se sumaron esta tarde al proceso de di\u00e1logo propuesto y emprendido por el \u00a0presidente de la Rep\u00fablica, Len\u00edn Moreno Garc\u00e9s y el Gobierno Nacional.<\/div>\n<div><\/div>\n<div><\/div>\n<div>Patricio Zambrano, presidente del Partido Socialista Ecuatoriano y Carlos Andrade, secretario ejecutivo del Partido Comunista, se reunieron con el Primer Mandatario en el Palacio de Carondelet, para concretar acciones conjuntas y apoyar el proceso de di\u00e1logo.<\/div>\n<div><\/div>\n<div><\/div>\n<div>La primera cita se realiz\u00f3 con el dirigente socialista quien al terminar la misma asegur\u00f3: \u00a0\u201cContinuamos con ese apoyo que venimos dando al proceso de cambio y transformaci\u00f3n que vive el Ecuador, continuamos apoyando al compa\u00f1ero presidente Len\u00edn Moreno en la decisiones que tome respecto al rumbo que tiene que tener Ecuador en los pr\u00f3ximos a\u00f1os\u201d.<\/div>\n<div><\/div>\n<div><\/div>\n<div>Asimismo, inform\u00f3 que el Partido Socialista aspira tener permanente participaci\u00f3n en las mesas de di\u00e1logo, y particularmente en la mesa que analice el tema de comunicaci\u00f3n.<\/div>\n<div><\/div>\n<div><\/div>\n<div>Por su parte, Carlos Andrade, manifest\u00f3 que el Partido Comunista ve a este proceso como una oportunidad para poder construir una patria de todos. \u201cEn ese sentido el Partido Comunista ha tenido muy claro cu\u00e1les son sus propuestas (\u2026) Seguimos confiando en que este proceso avance para seguir fortaleciendo el poder popular\u201d, manifest\u00f3.<\/div>\n<div><\/div>\n<div><\/div>\n<div>El vocero del movimiento pol\u00edtico, Pa\u00fal Almeida, reafirm\u00f3 que la Revoluci\u00f3n Ciudadana ha sido un proceso en el que han estado vinculados varios actores. \u201cEl di\u00e1logo es absolutamente necesario, aqu\u00ed se van a ver distintas posturas y justamente ah\u00ed estar\u00e1 lo enriquecedor. El di\u00e1logo debe tener la garant\u00eda de los principios que sustentan la Revoluci\u00f3n Ciudadana a la cual seguimos apostando y apoyando\u201d, puntualiz\u00f3.<\/div>\n<div><\/div>\n<div><\/div>\n<div>El Mandatario, mediante Decreto Ejecutivo N\u00ba 049, estableci\u00f3 e institucionaliz\u00f3 el Di\u00e1logo Social Nacional como pol\u00edtica y eje estrat\u00e9gico de acci\u00f3n, el pasado 20 de junio.<\/div>\n<div><\/div>\n<div><\/div>\n<div><strong>Fuente<\/strong>:\u00a0<b>Direcci\u00f3n de Gesti\u00f3n de la Comunicaci\u00f3n-SECOM<\/b><\/div>\n","protected":false},"excerpt":{"rendered":"<p>Quito (Pichincha) .- Dos l\u00edderes pol\u00edticos se sumaron esta tarde al proceso de di\u00e1logo propuesto y emprendido por el \u00a0presidente<\/p>\n","protected":false},"author":1,"featured_media":258,"comment_status":"closed","ping_status":"closed","sticky":false,"template":"","format":"standard","meta":{"colormag_page_container_layout":"default_layout","colormag_page_sidebar_layout":"default_layout","footnotes":""},"categories":[5],"tags":[],"class_list":["post-257","post","type-post","status-publish","format-standard","has-post-thumbnail","hentry","category-noticias"],"_links":{"self":[{"href":"https:\/\/90-9fm.com\/wp\/wp-json\/wp\/v2\/posts\/257","targetHints":{"allow":["GET"]}}],"collection":[{"href":"https:\/\/90-9fm.com\/wp\/wp-json\/wp\/v2\/posts"}],"about":[{"href":"https:\/\/90-9fm.com\/wp\/wp-json\/wp\/v2\/types\/post"}],"author":[{"embeddable":true,"href":"https:\/\/90-9fm.com\/wp\/wp-json\/wp\/v2\/users\/1"}],"replies":[{"embeddable":true,"href":"https:\/\/90-9fm.com\/wp\/wp-json\/wp\/v2\/comments?post=257"}],"version-history":[{"count":2,"href":"https:\/\/90-9fm.com\/wp\/wp-json\/wp\/v2\/posts\/257\/revisions"}],"predecessor-version":[{"id":260,"href":"https:\/\/90-9fm.com\/wp\/wp-json\/wp\/v2\/posts\/257\/revisions\/260"}],"wp:featuredmedia":[{"embeddable":true,"href":"https:\/\/90-9fm.com\/wp\/wp-json\/wp\/v2\/media\/258"}],"wp:attachment":[{"href":"https:\/\/90-9fm.com\/wp\/wp-json\/wp\/v2\/media?parent=257"}],"wp:term":[{"taxonomy":"category","embeddable":true,"href":"https:\/\/90-9fm.com\/wp\/wp-json\/wp\/v2\/categories?post=257"},{"taxonomy":"post_tag","embeddable":true,"href":"https:\/\/90-9fm.com\/wp\/wp-json\/wp\/v2\/tags?post=257"}],"curies":[{"name":"wp","href":"https:\/\/api.w.org\/{rel}","templated":true}]}}