{"id":2595,"date":"2023-03-22T17:53:13","date_gmt":"2023-03-22T22:53:13","guid":{"rendered":"http:\/\/90-9fm.com\/wp\/?p=2595"},"modified":"2023-03-22T17:53:14","modified_gmt":"2023-03-22T22:53:14","slug":"servicio-de-transporte-urbano-en-guayaquil-se-suspende-de-forma-indefinida","status":"publish","type":"post","link":"https:\/\/90-9fm.com\/wp\/2023\/03\/22\/servicio-de-transporte-urbano-en-guayaquil-se-suspende-de-forma-indefinida\/","title":{"rendered":"Servicio de transporte urbano en Guayaquil se suspende de forma indefinida"},"content":{"rendered":"\n<p>Desde las 00:00 del&nbsp;<strong>jueves, 23 de marzo<\/strong>&nbsp;de 2023, y de&nbsp;<strong>manera indefinida<\/strong>&nbsp;estar\u00e1 s<strong>uspendido el servicio de transporte urbano en Guayaquil<\/strong>. As\u00ed lo anunci\u00f3 el presidente de la Federaci\u00f3n de Transportadores Urbanos del Guayas, Cristhian Sarmiento, durante una rueda de prensa.<\/p>\n\n\n\n<!--more-->\n\n\n\n<p>\u201c<em>Hemos dejado de dar trabajo a un gran n\u00famero de conductores. Hemos alargado los intervalos de la salida de los buses para ahorrar algo en combustible&#8230;pero ya no damos m\u00e1s<\/em>\u201d dijo Sarmiento para justificar la medida. Tambi\u00e9n asegur\u00f3 que la decisi\u00f3n es respaldada por la totalidad de las cooperativas de transporte p\u00fablico de la ciudad de Guayaquil.<\/p>\n\n\n\n<p>El dirigente apunt\u00f3 a las&nbsp;<strong>autoridades municipales como responsables de la paralizaci\u00f3n<\/strong>. Esto luego de no llegar a acuerdos para el alza de pasaje de<strong>&nbsp;$0,30 a $0,40<\/strong>. En d\u00edas anteriores, el Municipio de Guayaquil afirm\u00f3 que mantendr\u00e1n su decisi\u00f3n de los \u00faltimos cuatro a\u00f1os y no habr\u00e1 un incremento los pasajes en la ciudad, \u201c<em>ya que esto ser\u00eda afectar la econom\u00eda de la mayor\u00eda de guayaquile\u00f1os que son los que usan el sistema de transporte p\u00fablico<\/em>\u201d, menciona un comunicado oficial.<\/p>\n\n\n\n<p>Seg\u00fan el Municipio, elevar la tarifa en 10 centavos significar\u00eda USD 40 millones al a\u00f1o, que saldr\u00edan del 70% de los guayaquile\u00f1os que a diario se movilizan en buses.<\/p>\n\n\n\n<p>Ante el anuncio de paralizaci\u00f3n realizado por el gremio de transportistas, desde el Municipio de Guayaquil advierte y recuerda a quienes lideran la medida que la suspensi\u00f3n de servicios p\u00fablicos constituye un delito penal, lo que significa c\u00e1rcel; por lo que se interpondr\u00e1n las acciones judiciales pertinentes \u201cpara defender los derechos de los ciudadanos\u201d.<\/p>\n\n\n\n<p>Fuente: https:\/\/www.eltelegrafo.com.ec\/noticias\/actualidad\/44\/servicio-de-transporte-urbano-en-guayaquil-se-suspende-de-forma-indefinida<\/p>\n","protected":false},"excerpt":{"rendered":"<p>Desde las 00:00 del&nbsp;jueves, 23 de marzo&nbsp;de 2023, y de&nbsp;manera indefinida&nbsp;estar\u00e1 suspendido el servicio de transporte urbano en Guayaquil. As\u00ed<\/p>\n","protected":false},"author":1,"featured_media":2596,"comment_status":"closed","ping_status":"closed","sticky":false,"template":"","format":"standard","meta":{"colormag_page_container_layout":"default_layout","colormag_page_sidebar_layout":"default_layout","footnotes":""},"categories":[5],"tags":[],"class_list":["post-2595","post","type-post","status-publish","format-standard","has-post-thumbnail","hentry","category-noticias"],"_links":{"self":[{"href":"https:\/\/90-9fm.com\/wp\/wp-json\/wp\/v2\/posts\/2595","targetHints":{"allow":["GET"]}}],"collection":[{"href":"https:\/\/90-9fm.com\/wp\/wp-json\/wp\/v2\/posts"}],"about":[{"href":"https:\/\/90-9fm.com\/wp\/wp-json\/wp\/v2\/types\/post"}],"author":[{"embeddable":true,"href":"https:\/\/90-9fm.com\/wp\/wp-json\/wp\/v2\/users\/1"}],"replies":[{"embeddable":true,"href":"https:\/\/90-9fm.com\/wp\/wp-json\/wp\/v2\/comments?post=2595"}],"version-history":[{"count":1,"href":"https:\/\/90-9fm.com\/wp\/wp-json\/wp\/v2\/posts\/2595\/revisions"}],"predecessor-version":[{"id":2597,"href":"https:\/\/90-9fm.com\/wp\/wp-json\/wp\/v2\/posts\/2595\/revisions\/2597"}],"wp:featuredmedia":[{"embeddable":true,"href":"https:\/\/90-9fm.com\/wp\/wp-json\/wp\/v2\/media\/2596"}],"wp:attachment":[{"href":"https:\/\/90-9fm.com\/wp\/wp-json\/wp\/v2\/media?parent=2595"}],"wp:term":[{"taxonomy":"category","embeddable":true,"href":"https:\/\/90-9fm.com\/wp\/wp-json\/wp\/v2\/categories?post=2595"},{"taxonomy":"post_tag","embeddable":true,"href":"https:\/\/90-9fm.com\/wp\/wp-json\/wp\/v2\/tags?post=2595"}],"curies":[{"name":"wp","href":"https:\/\/api.w.org\/{rel}","templated":true}]}}