{"id":305,"date":"2017-07-06T16:15:36","date_gmt":"2017-07-06T16:15:36","guid":{"rendered":"http:\/\/90-9fm.com\/wp\/?p=305"},"modified":"2017-07-06T16:15:36","modified_gmt":"2017-07-06T16:15:36","slug":"consejo-consultivo-productivo-y-tributario-disena-hoja-de-ruta-para-el-desarrollo","status":"publish","type":"post","link":"https:\/\/90-9fm.com\/wp\/2017\/07\/06\/consejo-consultivo-productivo-y-tributario-disena-hoja-de-ruta-para-el-desarrollo\/","title":{"rendered":"Consejo Consultivo Productivo y Tributario dise\u00f1a hoja de ruta para el desarrollo"},"content":{"rendered":"<p><strong>Guayaquil, 6 jul (Andes).-<\/strong>\u00a0El Consejo Consultivo Productivo y Tributario, liderado por el vicepresidente Jorge Glas, se instal\u00f3 este jueves en esta ciudad portuaria para avanzar en temas de metodolog\u00eda y adopci\u00f3n de propuestas<\/p>\n<p>El segundo mandatario indic\u00f3 que antes de los 90 d\u00edas que establece el Decreto de conformaci\u00f3n del Consejo se entregar\u00e1n una primera propuesta contundente al presidente Len\u00edn Moreno en la que se sintetizar\u00e1n los requerimientos de los sectores involucrados.<\/p>\n<p>Glas insisti\u00f3 que la hoja de ruta ser\u00e1 para generar prosperidad, empleo, productividad y competitividad en condiciones de equidad e igualdad.<\/p>\n<p>\u00abNo ser\u00e1 una lista de pedidos sino la construcci\u00f3n de propuestas\u00bb, destac\u00f3 Glas, al se\u00f1alar que se aportar\u00e1n resultados de alto impacto.<\/p>\n<p>En su intervenci\u00f3n durante la apertura del encuentro, el vicepresidente hizo \u00e9nfasis en las condiciones habilitantes con que cuenta Ecuador despu\u00e9s de una d\u00e9cada, como vialidad, conectividad, energ\u00eda limpia y barata, entre otra infraestructura que antes no exist\u00eda en el pa\u00eds.<\/p>\n<p>En ese sentido asegur\u00f3 que estudios establecen que s\u00f3lo por tener carreteras en \u00f3ptimo estado generan un ahorro de al menos 1.300 millones de d\u00f3lares anuales.<\/p>\n<p>Adelant\u00f3 que en b\u00fasqueda de brindar facilidades al desarrollo ya se trabaja en nuevas l\u00edneas de financiamiento para el sector productivo por parte de la banca p\u00fablica, como BanEcuador.<\/p>\n<p>El presidente de la Rep\u00fablica, Len\u00edn Moreno, firm\u00f3 el Decreto Ejecutivo\u00a0que oficializa la creaci\u00f3n del\u00a0Consejo Consultivo, Productivo y Tributario, una instancia de di\u00e1logo y concertaci\u00f3n entre el sector p\u00fablico y privado para promover la inversi\u00f3n, la producci\u00f3n y el empleo.<\/p>\n<p>Este Consejo tiene la capacidad de recomendar la adopci\u00f3n de acciones y pol\u00edticas en al menos 14 \u00e1reas de trabajo, que van desde la pol\u00edtica tributaria, el cambio de la matriz productiva, la consolidaci\u00f3n de la dolarizaci\u00f3n, la promoci\u00f3n de inversiones, la atracci\u00f3n de capitales, entre otras.<\/p>\n<p>El Comit\u00e9 Ejecutivo del Consejo Consultivo est\u00e1 presidido por el vicepresidente Glas y conformado por los ministros de Econom\u00eda, Comercio Exterior, Industrias y Productividad; Trabajo, Agricultura y el director del Servicio de Rentas Internas. Tambi\u00e9n\u00a0lo integrar\u00e1n seis representantes del sector privado y de la econom\u00eda popular y solidaria designados por el Presidente.<\/p>\n<p>Jos\u00e9 Camposano, presidente de la C\u00e1mara de Acuacultura, salud\u00f3 la iniciativa del Consejo como una instancia de di\u00e1logo con una visi\u00f3n de desarrollo en el que se construir\u00e1n pol\u00edticas con la\u00a0 participaci\u00f3n de amplios sectores.<\/p>\n<p>Indic\u00f3 que llev\u00f3 a la mesa de trabajo propuestas para el impulso del sector acuacultor, uno de los principales generadores de divisas en el pa\u00eds.<span id=\"ctrlcopy\"><\/p>\n<p><b>Fuente:\u00a0<\/b>http:\/\/www.andes.info.ec\/es\/noticias\/consejo-consultivo-productivo-tributario-disena-hoja-ruta-desarrollo.html<\/span><\/p>\n","protected":false},"excerpt":{"rendered":"<p>Guayaquil, 6 jul (Andes).-\u00a0El Consejo Consultivo Productivo y Tributario, liderado por el vicepresidente Jorge Glas, se instal\u00f3 este jueves en<\/p>\n","protected":false},"author":1,"featured_media":306,"comment_status":"closed","ping_status":"closed","sticky":false,"template":"","format":"standard","meta":{"colormag_page_container_layout":"default_layout","colormag_page_sidebar_layout":"default_layout","footnotes":""},"categories":[13],"tags":[],"class_list":["post-305","post","type-post","status-publish","format-standard","has-post-thumbnail","hentry","category-destacados"],"_links":{"self":[{"href":"https:\/\/90-9fm.com\/wp\/wp-json\/wp\/v2\/posts\/305","targetHints":{"allow":["GET"]}}],"collection":[{"href":"https:\/\/90-9fm.com\/wp\/wp-json\/wp\/v2\/posts"}],"about":[{"href":"https:\/\/90-9fm.com\/wp\/wp-json\/wp\/v2\/types\/post"}],"author":[{"embeddable":true,"href":"https:\/\/90-9fm.com\/wp\/wp-json\/wp\/v2\/users\/1"}],"replies":[{"embeddable":true,"href":"https:\/\/90-9fm.com\/wp\/wp-json\/wp\/v2\/comments?post=305"}],"version-history":[{"count":1,"href":"https:\/\/90-9fm.com\/wp\/wp-json\/wp\/v2\/posts\/305\/revisions"}],"predecessor-version":[{"id":307,"href":"https:\/\/90-9fm.com\/wp\/wp-json\/wp\/v2\/posts\/305\/revisions\/307"}],"wp:featuredmedia":[{"embeddable":true,"href":"https:\/\/90-9fm.com\/wp\/wp-json\/wp\/v2\/media\/306"}],"wp:attachment":[{"href":"https:\/\/90-9fm.com\/wp\/wp-json\/wp\/v2\/media?parent=305"}],"wp:term":[{"taxonomy":"category","embeddable":true,"href":"https:\/\/90-9fm.com\/wp\/wp-json\/wp\/v2\/categories?post=305"},{"taxonomy":"post_tag","embeddable":true,"href":"https:\/\/90-9fm.com\/wp\/wp-json\/wp\/v2\/tags?post=305"}],"curies":[{"name":"wp","href":"https:\/\/api.w.org\/{rel}","templated":true}]}}