{"id":320,"date":"2017-07-11T14:24:57","date_gmt":"2017-07-11T14:24:57","guid":{"rendered":"http:\/\/90-9fm.com\/wp\/?p=320"},"modified":"2017-07-11T14:24:57","modified_gmt":"2017-07-11T14:24:57","slug":"sismo-de-57-se-registra-en-la-costa-de-ecuador-no-se-reportan-novedades","status":"publish","type":"post","link":"https:\/\/90-9fm.com\/wp\/2017\/07\/11\/sismo-de-57-se-registra-en-la-costa-de-ecuador-no-se-reportan-novedades\/","title":{"rendered":"Sismo de 5,7 se registra en la costa de Ecuador; no se reportan novedades"},"content":{"rendered":"<p><strong>Quito, 11 jul (Andes) \u2013<\/strong>\u00a0Un sismo de magnitud 5,7 se registr\u00f3 a las 07:09 de este martes con epicentro en la localidad de Atacames, provincia de Esmeraldas, sin que se reporten da\u00f1os en infraestructuras o personas.<\/p>\n<p>No se registraron novedades ni en domicilios en sectores estrat\u00e9gicos o v\u00edas principales debido al sismo en la provincia de\u00a0Esmeraldas, inform\u00f3 la gobernaci\u00f3n de esa provincia, situada en el extremo norte e Ecuador, en la frontera con Colombia.<\/p>\n<p>No obstante, las autoridades competentes siguen evaluando la situaci\u00f3n desde la Sala de Crisis del ECU 911.<\/p>\n<p>Esmeraldas sufri\u00f3 el 16 de abril de 2016 los efectos del terremoto de magnitud 7,8 que golpe\u00f3 fuertemente a la provincia de Manab\u00ed.\u00a0<span id=\"ctrlcopy\"><\/p>\n<p><b>Fuente:\u00a0<\/b>http:\/\/www.andes.info.ec\/es\/noticias\/sismo-57-registra-costa-ecuador-no-reportan-novedades.html<\/span><\/p>\n","protected":false},"excerpt":{"rendered":"<p>Quito, 11 jul (Andes) \u2013\u00a0Un sismo de magnitud 5,7 se registr\u00f3 a las 07:09 de este martes con epicentro en<\/p>\n","protected":false},"author":1,"featured_media":321,"comment_status":"closed","ping_status":"closed","sticky":false,"template":"","format":"standard","meta":{"colormag_page_container_layout":"default_layout","colormag_page_sidebar_layout":"default_layout","footnotes":""},"categories":[5],"tags":[],"class_list":["post-320","post","type-post","status-publish","format-standard","has-post-thumbnail","hentry","category-noticias"],"_links":{"self":[{"href":"https:\/\/90-9fm.com\/wp\/wp-json\/wp\/v2\/posts\/320","targetHints":{"allow":["GET"]}}],"collection":[{"href":"https:\/\/90-9fm.com\/wp\/wp-json\/wp\/v2\/posts"}],"about":[{"href":"https:\/\/90-9fm.com\/wp\/wp-json\/wp\/v2\/types\/post"}],"author":[{"embeddable":true,"href":"https:\/\/90-9fm.com\/wp\/wp-json\/wp\/v2\/users\/1"}],"replies":[{"embeddable":true,"href":"https:\/\/90-9fm.com\/wp\/wp-json\/wp\/v2\/comments?post=320"}],"version-history":[{"count":1,"href":"https:\/\/90-9fm.com\/wp\/wp-json\/wp\/v2\/posts\/320\/revisions"}],"predecessor-version":[{"id":322,"href":"https:\/\/90-9fm.com\/wp\/wp-json\/wp\/v2\/posts\/320\/revisions\/322"}],"wp:featuredmedia":[{"embeddable":true,"href":"https:\/\/90-9fm.com\/wp\/wp-json\/wp\/v2\/media\/321"}],"wp:attachment":[{"href":"https:\/\/90-9fm.com\/wp\/wp-json\/wp\/v2\/media?parent=320"}],"wp:term":[{"taxonomy":"category","embeddable":true,"href":"https:\/\/90-9fm.com\/wp\/wp-json\/wp\/v2\/categories?post=320"},{"taxonomy":"post_tag","embeddable":true,"href":"https:\/\/90-9fm.com\/wp\/wp-json\/wp\/v2\/tags?post=320"}],"curies":[{"name":"wp","href":"https:\/\/api.w.org\/{rel}","templated":true}]}}