{"id":337,"date":"2017-07-21T15:09:54","date_gmt":"2017-07-21T15:09:54","guid":{"rendered":"http:\/\/90-9fm.com\/wp\/?p=337"},"modified":"2017-07-21T15:09:54","modified_gmt":"2017-07-21T15:09:54","slug":"directiva-nacional-de-alianza-pais-acuerda-fortalecer-la-revolucion-ciudadana-sin-retrocesos","status":"publish","type":"post","link":"https:\/\/90-9fm.com\/wp\/2017\/07\/21\/directiva-nacional-de-alianza-pais-acuerda-fortalecer-la-revolucion-ciudadana-sin-retrocesos\/","title":{"rendered":"Directiva Nacional de Alianza PAIS acuerda fortalecer la Revoluci\u00f3n Ciudadana \u00absin retrocesos\u00bb"},"content":{"rendered":"<div class=\"field field-name-body field-type-text-with-summary field-label-hidden\">\n<div class=\"field-items\">\n<div class=\"field-item even\">\n<p class=\"xmsonormal\"><strong>Quito, 20 jul (Andes) . \u2013<\/strong> El presidente Lenin Morano particip\u00f3 este jueves en la segunda reuni\u00f3n de la Directiva Nacional del Movimiento Alianza PAIS, junto al vicepresidente, Jorge Glas, directores provinciales y miembros del bur\u00f3 pol\u00edtico.<\/p>\n<p class=\"xmsonormal\">Gabriela Rivadeneira, secretaria Ejecutiva de la organizaci\u00f3n pol\u00edtica, indic\u00f3 que se mantiene el respaldo al binomio ganador de las \u00faltimas elecciones, \u201cLen\u00edn Moreno y Jorge Glas como los representantes de un proyecto pol\u00edtico que va de avanzada y en el que no nos permitiremos retrocesos\u201d.<\/p>\n<p class=\"xmsonormal\">Coment\u00f3 adem\u00e1s que se fortalecer\u00e1n sus bases en territorios y a la Revoluci\u00f3n Ciudadana. \u201cNo se han perdido ni el rumbo, ni los principios que originaron el proyecto pol\u00edtico\u201d, dijo pero se\u00f1al\u00f3 que es importante identificar quienes han sido parte del poder f\u00e1ctico del Ecuador.<\/p>\n<p class=\"xmsonormal\">\u201cDe forma permanente no han parado ni parar\u00e1n en esperar el m\u00ednimo espacio para mostrar el poder medi\u00e1tico por sobre la manipulaci\u00f3n de nuestra voluntad popular\u201d, ratific\u00f3.<\/p>\n<p class=\"xmsonormal\">Sobre la designaci\u00f3n de funcionarios, la Secretaria de AP dijo que el presidente tiene la potestad de nombrar a los colaboradores del gobierno que el considere conveniente, pero que se debe como organizaci\u00f3n pol\u00edtica poner alertas \u201cque identifiquen a quienes han sido parte opositora de este proyecto de la Revoluci\u00f3n Ciudadana durante esta d\u00e9cada\u201d.<\/p>\n<p class=\"xmsonormal\">Reiter\u00f3 que el objetivo principal es cumplir el plan de gobierno y que el di\u00e1logo interno es para que en la toma de decisiones se tomen en cuenta las alertas de los equipos de trabajo en territorio.<\/p>\n<p class=\"xmsonormal\">Augusto Barrera, integrante de AP, dijo que la reuni\u00f3n, que se extendi\u00f3 hasta las 23:00, \u00a0fue positiva pues se debatieron contenidos en los cuales se profundiz\u00f3 sobre los desaf\u00edos que afrontan el movimiento y el gobierno.<\/p>\n<p class=\"xmsonormal\">\u201cEl proyecto se fortalece en la unidad, eso es lo m\u00e1s importante, creo que estamos claros y convencidos de que la perspectiva a futuro del proyecto y del gobierno es que se requiere debate interno, respeto, y la democracia l\u00f3gica de un movimiento pol\u00edtico\u201d manifest\u00f3 Barrera.<\/p>\n<p class=\"xmsonormal\">A\u00f1adi\u00f3 que se acord\u00f3 fortalecer los mecanismos de comunicaci\u00f3n externa y consolidar la unidad interna del movimiento y del gobierno con la sociedad.<\/p>\n<p class=\"xmsonormal\">Vr\/gc<span id=\"ctrlcopy\"><\/p>\n<p><b>Fuente:\u00a0 <\/b><a class=\"vglnk\" href=\"http:\/\/www.andes.info.ec\/es\/noticias\/directiva-nacional-alianza-pais-acuerda-fortalecer-revolucion-ciudadana-sin-retrocesos.html\" rel=\"nofollow\">http:\/\/www.andes.info.ec\/es\/noticias\/directiva-nacional-alianza-pais-acuerda-fortalecer-revolucion-ciudadana-sin-retrocesos.html<\/a><\/span><\/p>\n<\/div>\n<\/div>\n<\/div>\n","protected":false},"excerpt":{"rendered":"<p>Quito, 20 jul (Andes) . \u2013 El presidente Lenin Morano particip\u00f3 este jueves en la segunda reuni\u00f3n de la Directiva<\/p>\n","protected":false},"author":1,"featured_media":338,"comment_status":"closed","ping_status":"closed","sticky":false,"template":"","format":"standard","meta":{"colormag_page_container_layout":"default_layout","colormag_page_sidebar_layout":"default_layout","footnotes":""},"categories":[5],"tags":[],"class_list":["post-337","post","type-post","status-publish","format-standard","has-post-thumbnail","hentry","category-noticias"],"_links":{"self":[{"href":"https:\/\/90-9fm.com\/wp\/wp-json\/wp\/v2\/posts\/337","targetHints":{"allow":["GET"]}}],"collection":[{"href":"https:\/\/90-9fm.com\/wp\/wp-json\/wp\/v2\/posts"}],"about":[{"href":"https:\/\/90-9fm.com\/wp\/wp-json\/wp\/v2\/types\/post"}],"author":[{"embeddable":true,"href":"https:\/\/90-9fm.com\/wp\/wp-json\/wp\/v2\/users\/1"}],"replies":[{"embeddable":true,"href":"https:\/\/90-9fm.com\/wp\/wp-json\/wp\/v2\/comments?post=337"}],"version-history":[{"count":1,"href":"https:\/\/90-9fm.com\/wp\/wp-json\/wp\/v2\/posts\/337\/revisions"}],"predecessor-version":[{"id":339,"href":"https:\/\/90-9fm.com\/wp\/wp-json\/wp\/v2\/posts\/337\/revisions\/339"}],"wp:featuredmedia":[{"embeddable":true,"href":"https:\/\/90-9fm.com\/wp\/wp-json\/wp\/v2\/media\/338"}],"wp:attachment":[{"href":"https:\/\/90-9fm.com\/wp\/wp-json\/wp\/v2\/media?parent=337"}],"wp:term":[{"taxonomy":"category","embeddable":true,"href":"https:\/\/90-9fm.com\/wp\/wp-json\/wp\/v2\/categories?post=337"},{"taxonomy":"post_tag","embeddable":true,"href":"https:\/\/90-9fm.com\/wp\/wp-json\/wp\/v2\/tags?post=337"}],"curies":[{"name":"wp","href":"https:\/\/api.w.org\/{rel}","templated":true}]}}