{"id":531,"date":"2018-04-12T19:22:22","date_gmt":"2018-04-12T19:22:22","guid":{"rendered":"http:\/\/90-9fm.com\/wp\/?p=531"},"modified":"2018-04-12T19:22:22","modified_gmt":"2018-04-12T19:22:22","slug":"ecuador-propone-que-el-problema-socioeconomico-de-las-drogas-se-afronte-con-politicas-nacionales-e-internacionales","status":"publish","type":"post","link":"https:\/\/90-9fm.com\/wp\/2018\/04\/12\/ecuador-propone-que-el-problema-socioeconomico-de-las-drogas-se-afronte-con-politicas-nacionales-e-internacionales\/","title":{"rendered":"Ecuador propone que el problema socioecon\u00f3mico de las drogas se afronte con pol\u00edticas nacionales e internacionales"},"content":{"rendered":"<p><strong>Quito, 11 abr (Andes).-\u00a0<\/strong>Ecuador propondr\u00e1 que la lucha contra el fen\u00f3meno socioecon\u00f3mico de las drogas sea afrontado \u00abno solamente desde pol\u00edticas nacionales, sino tambi\u00e9n desde pol\u00edticas internacionales, donde todos los pa\u00edses se sumen con firmeza y con cero impunidad a enfrentar a las bandas del crimen organizado\u00bb.<\/p>\n<p>Ledy Z\u00fa\u00f1iga, titular de la Secretar\u00eda T\u00e9cnica de Prevenci\u00f3n Integral de Drogas (SETED), se\u00f1al\u00f3 en entrevista con Andes que la iniciativa ser\u00e1 presentada en la II Reuni\u00f3n Birregional de la Comunidad de Estados Latinoamericanos y Caribe\u00f1os (Celac)-Uni\u00f3n Europea (UE) de Intercambio de buenas pr\u00e1cticas para la prevenci\u00f3n del tr\u00e1fico il\u00edcito de drogas, con sede en esta capital.<\/p>\n<p>El evento inici\u00f3 ayer 10 de abril y se extender\u00e1 hasta ma\u00f1ana 12, para analizar los mecanismos eficientes para contrarrestar las rutas que utiliza el narcotr\u00e1fico.<\/p>\n<p><!--more--><\/p>\n<p>\u201cEste trabajo, que viene prepar\u00e1ndose desde hace algunos meses, tiene como objetivo principal compartir las buenas pr\u00e1cticas de varios pa\u00edses en el campo policial, fuerzas armadas, de secretar\u00edas de inteligencia, de aduanas, para de esta manera fortalecer el trabajo realizado en el Ecuador y en la regi\u00f3n\u201d, indic\u00f3 la funcionaria a Andes.<\/p>\n<p>Z\u00fa\u00f1iga manifest\u00f3 que su pa\u00eds es referente mundial por la forma como se la aborda al fen\u00f3meno socio-econ\u00f3mico de las drogas, \u201cno solamente desde el \u00e1mbito de intervenci\u00f3n y control del narcotr\u00e1fico, sino tambi\u00e9n desde el \u00e1mbito de la prevenci\u00f3n\u201d, acot\u00f3.<\/p>\n<p>En el caso de su pa\u00eds, dijo que afronta el fen\u00f3meno socioecon\u00f3mico de las drogas y sus consecuencias bajo un enfoque de derechos humanos y salud p\u00fablica, garantizando la no impunidad ante los delitos de tr\u00e1fico il\u00edcito de drogas y sus delitos conexos.<\/p>\n<p>\u201cEsta pol\u00edtica intersectorial est\u00e1 plasmada en el Plan Nacional de Prevenci\u00f3n Integral y Control del Fen\u00f3meno Socioecon\u00f3mico de Drogas 2017-2021\u201d, destac\u00f3 la secretaria de Estado.<\/p>\n<p><strong>Ruta de mayor influencia<\/strong><\/p>\n<p>En declaraciones a esta agencia, Andr\u00e9s P\u00e9rez L\u00f3pez, jefe de \u00e1rea de Cooperaci\u00f3n Internacional (CITCO), manifest\u00f3 que la ruta de mayor incidencia de tr\u00e1fico de drogas es la del Atl\u00e1ntico, \u201ceso quiere decir que en el tema de tr\u00e1fico en contenedores tengamos inmerso al Canal de Panam\u00e1 como ruta principal\u201d.<\/p>\n<p>L\u00f3pez se\u00f1al\u00f3 que la cooperaci\u00f3n fundamental sobre el tema de incautaciones se basa en seguir \u2018la pista del dinero\u2019. \u201cEstamos hablando de que con una buena investigaci\u00f3n patrimonial, localizando todos los activos y beneficios il\u00edcitos de las bandas criminales, rompi\u00e9ndoles sus estructuras y log\u00edsticas econ\u00f3micas, ser\u00e1 la \u00fanica manera de acabar con el narcotr\u00e1fico\u201d, asever\u00f3.<\/p>\n<p>Sobre las pol\u00edticas implementadas a nivel de regi\u00f3n el jefe de cooperaci\u00f3n dijo que son correctas, pero todav\u00eda persisten muchas debilidades operacionales que hay que superar.<\/p>\n<p>En estos tres d\u00edas de reuni\u00f3n se realizar\u00e1n mesas t\u00e9cnicas donde se analizar\u00e1n temas espec\u00edficos de trabajo como revisi\u00f3n de contenedores en puertos y aeropuertos; c\u00f3mo mejorar el perfilamiento de personas que podr\u00edan estar vinculadas al narcotr\u00e1fico, as\u00ed como la investigaci\u00f3n fiscal del narcotr\u00e1fico, con el prop\u00f3sito de evitar impunidades en la investigaci\u00f3n en estos casos.<\/p>\n<p><strong>DATOS<\/strong><\/p>\n<p>-A esta cita asisten\u00a0 85 delegaciones de m\u00e1s de 34 pa\u00edses del mundo, con los auspicios\u00a0del Programa de Cooperaci\u00f3n entre Am\u00e9rica Latina y la Uni\u00f3n Europea en pol\u00edticas sobre drogas (COPOLAD) y bajo el liderazgo de la SETED y los Ministerios del Interior y de Relaciones Exteriores; adem\u00e1s cuenta con el apoyo del Centro de Inteligencia contra el Terrorismo y Crimen Organizado de Espa\u00f1a (CITCO).<\/p>\n<p>-El primer encuentro sobre esta tem\u00e1tica se la realiz\u00f3 en Costa Rica en 2017, donde se analizaron los intercambios birregionales de buenas pr\u00e1cticas.<\/p>\n<p>-Este segundo encuentro en Quito 2018 contar\u00e1 con los datos, estad\u00edsticas y la experiencia de los mecanismos de los distintos pa\u00edses.<\/p>\n<p>vds\/yp<\/p>\n<p>Fuente:\u00a0https:\/\/www.andes.info.ec\/es\/noticias\/sociedad\/17\/en-ecuador-se-debate-los-mecanismos-de-control-para-evitar-el-trafico-ilicito-de-drogas<\/p>\n","protected":false},"excerpt":{"rendered":"<p>Quito, 11 abr (Andes).-\u00a0Ecuador propondr\u00e1 que la lucha contra el fen\u00f3meno socioecon\u00f3mico de las drogas sea afrontado \u00abno solamente desde<\/p>\n","protected":false},"author":1,"featured_media":532,"comment_status":"closed","ping_status":"closed","sticky":false,"template":"","format":"standard","meta":{"colormag_page_container_layout":"default_layout","colormag_page_sidebar_layout":"default_layout","footnotes":""},"categories":[5],"tags":[],"class_list":["post-531","post","type-post","status-publish","format-standard","has-post-thumbnail","hentry","category-noticias"],"_links":{"self":[{"href":"https:\/\/90-9fm.com\/wp\/wp-json\/wp\/v2\/posts\/531","targetHints":{"allow":["GET"]}}],"collection":[{"href":"https:\/\/90-9fm.com\/wp\/wp-json\/wp\/v2\/posts"}],"about":[{"href":"https:\/\/90-9fm.com\/wp\/wp-json\/wp\/v2\/types\/post"}],"author":[{"embeddable":true,"href":"https:\/\/90-9fm.com\/wp\/wp-json\/wp\/v2\/users\/1"}],"replies":[{"embeddable":true,"href":"https:\/\/90-9fm.com\/wp\/wp-json\/wp\/v2\/comments?post=531"}],"version-history":[{"count":1,"href":"https:\/\/90-9fm.com\/wp\/wp-json\/wp\/v2\/posts\/531\/revisions"}],"predecessor-version":[{"id":533,"href":"https:\/\/90-9fm.com\/wp\/wp-json\/wp\/v2\/posts\/531\/revisions\/533"}],"wp:featuredmedia":[{"embeddable":true,"href":"https:\/\/90-9fm.com\/wp\/wp-json\/wp\/v2\/media\/532"}],"wp:attachment":[{"href":"https:\/\/90-9fm.com\/wp\/wp-json\/wp\/v2\/media?parent=531"}],"wp:term":[{"taxonomy":"category","embeddable":true,"href":"https:\/\/90-9fm.com\/wp\/wp-json\/wp\/v2\/categories?post=531"},{"taxonomy":"post_tag","embeddable":true,"href":"https:\/\/90-9fm.com\/wp\/wp-json\/wp\/v2\/tags?post=531"}],"curies":[{"name":"wp","href":"https:\/\/api.w.org\/{rel}","templated":true}]}}