{"id":537,"date":"2018-04-12T19:37:26","date_gmt":"2018-04-12T19:37:26","guid":{"rendered":"http:\/\/90-9fm.com\/wp\/?p=537"},"modified":"2018-04-12T19:37:26","modified_gmt":"2018-04-12T19:37:26","slug":"grandes-grupos-economicos-adeudan-al-estado-ecuatoriano-alrededor-de-2-600-millones-de-dolares","status":"publish","type":"post","link":"https:\/\/90-9fm.com\/wp\/2018\/04\/12\/grandes-grupos-economicos-adeudan-al-estado-ecuatoriano-alrededor-de-2-600-millones-de-dolares\/","title":{"rendered":"Grandes grupos econ\u00f3micos adeudan al Estado ecuatoriano alrededor de 2.600 millones de d\u00f3lares"},"content":{"rendered":"<p><strong>Quito, 12 abr (Andes).-<\/strong>\u00a0De los 4.500 millones de d\u00f3lares pendientes en proceso de juicio en el Servicio de Rentas Internas (SRI) de Ecuador, al menos unos 2.600 corresponden a las deudas de grandes grupos econ\u00f3micos con el Estado.<\/p>\n<p>La revisi\u00f3n tributaria prevista en el programa econ\u00f3mico del presidente Len\u00edn Moreno implica, para\u00a0 las grandes empresas que sean examinadas el 100% de los intereses, multas y recargos, pero con un plazo de 90 d\u00edas, siempre y cuando estas desistan de continuar con acciones legales\u00a0 a nivel nacional e internacional.<\/p>\n<p>Pablo Iturralde, Director Ejecutivo del Centro de Derechos Econ\u00f3micos y Sociales (CDES), se\u00f1al\u00f3 a Andes que la cantidad significativa que deben los grupos econ\u00f3micos y la tolerancia para que paguen se debe a que estos grupos tienen la capacidad de control del mercado y de las ventas.<\/p>\n<p>\u201cEl poder econ\u00f3mico que tienen es reflejo del poder que tienen para presionar sobre autoridades pol\u00edticas, es la \u00fanica manera c\u00f3mo se puede entender que se espera a estos grupos entre 5 a 8 a\u00f1os por montos que son en decenas de millones de d\u00f3lares\u201d, indic\u00f3.<\/p>\n<p><!--more--><\/p>\n<p>Afirm\u00f3 que las empresas que m\u00e1s deben al Estado son las petroleras, las agroexportadoras, luego las bananeras vinculadas a un poder de mercado concentrado y concentraci\u00f3n de activos como tierras, de los cr\u00e9ditos para la industria y de los canales de comercializaci\u00f3n.<\/p>\n<p>Entre los importadores, Iturralde destaca a las importadoras de electrodom\u00e9sticos, alimentos, \u00a0las grandes cadenas comerciales. Le siguen est\u00e1n las bananeras, exportadoras y los bancos a su criterio constan como un grupo deudor importante por su importancia en la econom\u00eda,<\/p>\n<p>\u201cSon un actor muy relevante, con un nivel m\u00e1s bajo de deudas en relaci\u00f3n a otras empresas que deben much\u00edsimo al Estado, mientras Banco Pichincha debe 42 millones; Andes Petroleum debe 1000 millones\u201d, indic\u00f3.<\/p>\n<p>El funcionario manifest\u00f3 que existe una v\u00eda legal para cobrar a partir de las medidas que est\u00e1n previstas en la ley, desde sanciones hasta embargo de bienes, y afirm\u00f3 que la negociaci\u00f3n eleva el estatus de un deudor a un actor en negociaci\u00f3n y que la remisi\u00f3n de deudas va contra el principio de progresividad.<\/p>\n<p>\u201cLos grupos concentrados deben aportar m\u00e1s en relacionan con\u00a0 la poblaci\u00f3n que menos tiene, los recursos que dejan de pagar los grupos econ\u00f3micos hay que obtenerlos por otras v\u00edas y\u00a0 generalmente con el cobro de impuestos a la clase media, sectores populares, que contribuyen al estado mediante el pago del IVA, servicios p\u00fablicos u otros impuestos indirectos\u201d, remarc\u00f3.<\/p>\n<p>Sugiri\u00f3 que se establezca un esquema que fortalezca la progresividad para que paguen lo justo los sectores con m\u00e1s recursos y se\u00f1al\u00f3 que la propuesta de varios grupos empresariales \u00a0de que si tienen menos impuestos generar\u00e1n m\u00e1s empleos \u201ces un pensamiento caduco que exigen desde hace d\u00e9cadas, cuando la OCDE (Organizaci\u00f3n para la Cooperaci\u00f3n y el Desarrollo Econ\u00f3mico), la Cepal y el mismo Fondo Monetario Internacional solicitan que se cobre m\u00e1s a quienes m\u00e1s tienen\u201d.<\/p>\n<p>Iturralde insisti\u00f3 en que las empresas que deben al Estado el 2% del Producto Interno Bruto (PBI)\u00a0 negocian directamente y ponen en riesgo la perspectiva nacional porque los impuestos son un mecanismo para garantizar salud, educaci\u00f3n, bienestar social, ya que cuando no se paga, se vulneran derechos. Mientras, aclar\u00f3, el debate sobre la calidad del gasto para que no exista corrupci\u00f3n es otro debate.<\/p>\n<p><img loading=\"lazy\" decoding=\"async\" src=\"https:\/\/www.andes.info.ec\/images\/ABRIL\/ECONOMIA\/Deudascuadro.jpg\" alt=\"\" width=\"1393\" height=\"1067\" \/>En tanto, Jaime Cabezas, docente de Econom\u00eda de la Universidad Internacional del Ecuador (UIDE) y M\u00e1ster en Econom\u00eda por INCAE Business School (Instituto Centroamericano de Administraci\u00f3n de Empresas), indic\u00f3 en entrevista con esta agencia que para que se paguen los impuestos, el Estado tiene la fuerza y el poder de coerci\u00f3n,\u00a0 es decir el poder de coactiva.<\/p>\n<p>\u201cSi fuera empresario, si veo que me es conveniente en vez de litigar pagar una parte de la deuda es menos costoso que una discusi\u00f3n jur\u00eddica, podr\u00eda llegar a un acuerdo de aceptar la amnist\u00eda tributaria\u201d, apunt\u00f3.<\/p>\n<p>En su criterio, la \u201cenfermedad del &#8216;estatismo&#8217;\u201d para que los que m\u00e1s tienen paguen m\u00e1s, ha generado una baja productividad, y se\u00f1al\u00f3 que cuando se retiran recursos, se corta que los empresarios los reinviertan y capitalicen, que es la \u00fanica forma de que se agrande el tama\u00f1o de las empresas.<\/p>\n<p>\u201cEsto no significa no cobrar hay que pensar profundamente hasta donde va a llevar esto, Europa se encuentra enfrascada en una baja productividad, \u00edntimamente asociada con la descapitalizaci\u00f3n cuando redistribuye se gasta hoy lo que nos podr\u00eda hacer m\u00e1s ricos a todos en el futuro\u201d, expres\u00f3.<\/p>\n<p>Explic\u00f3 que cuando los empresarios hacen dinero agrandan las empresas y pueden generar m\u00e1s empleos, en cambio, \u201csi se destruye ese valor, se ataca a la fuente de riqueza. \u00abNo hay que matar a las gallina de los huevos de oro\u201d, asever\u00f3.<\/p>\n<p>Por su parte, el legislador por Alianza PAIS Mauricio Proa\u00f1o dijo a este medio que es fundamental cobrarle a los grupos econ\u00f3micos, que suman 217 y adeudan alrededor de 2.260 millones de d\u00f3lares, cifra que, seg\u00fan declar\u00f3 la ministra de Econom\u00eda y Finanzas de Ecuador, Mar\u00eda Elsa Viteri, no debe mantenerse como un &#8216;stok de juicios&#8217;.<\/p>\n<p>Proa\u00f1o manifest\u00f3 que existen juicios que se prolongan en algunos casos m\u00e1s de cinco a\u00f1os y que no es cuesti\u00f3n de que se les cobre m\u00e1s impuestos, sino que paguen lo justo y que la presi\u00f3n fiscal, por ejemplo, en el caso de un banco en Ecuador es de 1,7%, es la m\u00e1s baja de Am\u00e9rica Latina.<\/p>\n<p>El asamble\u00edsta sostuvo que si de esa cifra se recuperar\u00edan al menos 3.000 millones de d\u00f3lares \u201cquedar\u00eda cubierto el Plan Toda una Vida que vale 1000 millones, la Minga Agropecuaria y otros programas del gobierno\u201d.<\/p>\n<p>Se\u00f1al\u00f3 por otra parte que se estima entre 30.000 a 56.000 millones de d\u00f3lares salieron desde Ecuador hacia para\u00edsos fiscales, lo cual perjudica el desarrollo del pa\u00eds.<\/p>\n<p>Estimados oficiales indican que en los para\u00edsos fiscales permanecen unos 30.000 millones de d\u00f3lares que representan la tercera parte de la econom\u00eda ecuatoriana, y m\u00e1s de su 30% del Producto Interno Bruto (PIB). Esa cifra se calcula que a escala mundial 7.6 billones de d\u00f3lares.<\/p>\n<p>En tanto, la Comisi\u00f3n Econ\u00f3mica para Am\u00e9rica Latina y el Caribe (Cepal) calcula que esta regi\u00f3n tiene un d\u00e9ficit de inversi\u00f3n en infraestructura de m\u00e1s de 180.000 millones de d\u00f3lares al a\u00f1o, y de ah\u00ed la importancia de que los recursos sean retornados a sus lugares de origen para que sean invertidos y puedan superarse los escollos al desarrollo.<\/p>\n<p>\u201cMuchos de esos dineros salen por evadir impuestos, incluso en la web del SRI aparecen los nombres de las personas que tienen dinero en para\u00edsos fiscales porque eso es p\u00fablico, se imagina el pa\u00eds con personas que paguen sus impuestos de 4000 millones y m\u00e1s de 30.000 millones que tienen afuera no necesitar\u00edamos endeudarnos m\u00e1s\u201d, indic\u00f3 el legislador Proa\u00f1o.<\/p>\n<p>Dijo, sin embargo, que Ecuador es el pa\u00eds con menos presi\u00f3n fiscal de Am\u00e9rica Latina y que estudios de la Cepal y de las Naciones Unidas han manifestado que la reducci\u00f3n de impuestos no mejor\u00f3 ni la tecnolog\u00eda, ni la innovaci\u00f3n y redujo la pobreza.<\/p>\n<p>Empresarios europeos y estadounidenses advierten que es adecuado cobrar impuestos y no reducirlos para que los Estados puedan garantizar la provisi\u00f3n de servicios de salud, educaci\u00f3n, vialidad, por ejemplo.<\/p>\n<p>vr\/yp<\/p>\n<p>Fuente: https:\/\/www.andes.info.ec\/es\/noticias\/economia\/16\/grandes-grupos-economicos-adeudan-al-estado-alrededor-de-2600-millones-de-dolares<\/p>\n","protected":false},"excerpt":{"rendered":"<p>Quito, 12 abr (Andes).-\u00a0De los 4.500 millones de d\u00f3lares pendientes en proceso de juicio en el Servicio de Rentas Internas<\/p>\n","protected":false},"author":1,"featured_media":538,"comment_status":"closed","ping_status":"closed","sticky":false,"template":"","format":"standard","meta":{"colormag_page_container_layout":"default_layout","colormag_page_sidebar_layout":"default_layout","footnotes":""},"categories":[5],"tags":[],"class_list":["post-537","post","type-post","status-publish","format-standard","has-post-thumbnail","hentry","category-noticias"],"_links":{"self":[{"href":"https:\/\/90-9fm.com\/wp\/wp-json\/wp\/v2\/posts\/537","targetHints":{"allow":["GET"]}}],"collection":[{"href":"https:\/\/90-9fm.com\/wp\/wp-json\/wp\/v2\/posts"}],"about":[{"href":"https:\/\/90-9fm.com\/wp\/wp-json\/wp\/v2\/types\/post"}],"author":[{"embeddable":true,"href":"https:\/\/90-9fm.com\/wp\/wp-json\/wp\/v2\/users\/1"}],"replies":[{"embeddable":true,"href":"https:\/\/90-9fm.com\/wp\/wp-json\/wp\/v2\/comments?post=537"}],"version-history":[{"count":1,"href":"https:\/\/90-9fm.com\/wp\/wp-json\/wp\/v2\/posts\/537\/revisions"}],"predecessor-version":[{"id":539,"href":"https:\/\/90-9fm.com\/wp\/wp-json\/wp\/v2\/posts\/537\/revisions\/539"}],"wp:featuredmedia":[{"embeddable":true,"href":"https:\/\/90-9fm.com\/wp\/wp-json\/wp\/v2\/media\/538"}],"wp:attachment":[{"href":"https:\/\/90-9fm.com\/wp\/wp-json\/wp\/v2\/media?parent=537"}],"wp:term":[{"taxonomy":"category","embeddable":true,"href":"https:\/\/90-9fm.com\/wp\/wp-json\/wp\/v2\/categories?post=537"},{"taxonomy":"post_tag","embeddable":true,"href":"https:\/\/90-9fm.com\/wp\/wp-json\/wp\/v2\/tags?post=537"}],"curies":[{"name":"wp","href":"https:\/\/api.w.org\/{rel}","templated":true}]}}