{"id":694,"date":"2019-10-23T14:54:00","date_gmt":"2019-10-23T14:54:00","guid":{"rendered":"http:\/\/90-9fm.com\/wp\/?p=694"},"modified":"2019-10-23T14:54:00","modified_gmt":"2019-10-23T14:54:00","slug":"siete-legisladores-prepararan-reforma-sobre-participacion","status":"publish","type":"post","link":"https:\/\/90-9fm.com\/wp\/2019\/10\/23\/siete-legisladores-prepararan-reforma-sobre-participacion\/","title":{"rendered":"Siete legisladores preparar\u00e1n reforma sobre Participaci\u00f3n."},"content":{"rendered":"<p>Ning\u00fan representante de la bancada de la Revoluci\u00f3n Ciudadana participar\u00e1 en la comisi\u00f3n que preparar\u00e1 la reforma del Consejo de Participaci\u00f3n Ciudadana.<\/p>\n<p>El Consejo de Administraci\u00f3n Legislativa (CAL) decidi\u00f3 que siete legisladores sean los responsables de preparar la enmienda a la Carta Magna, que fue aprobada la semana pasada por la Corte Constitucional,<\/p>\n<p>Ellos son: Elizabeth Cabezas y Carlos Cambala de Alianza PAIS; Jeannine Cruz, de CREO; Vicente Taiano, del Partido Social Cristiano-Madera de Guerrero; H\u00e9ctor Mu\u00f1oz de SUMA y Fernando Bravo, de la bancada de Acci\u00f3n Democr\u00e1tica Independiente.<\/p>\n<p><!--more--><\/p>\n<p>Su posesi\u00f3n oficial ser\u00e1 ma\u00f1ana en la sesi\u00f3n del Pleno del Parlamento. Luego de este formalismo, la comisi\u00f3n podr\u00e1 empezar a alistar la reforma la Consejo.<\/p>\n<p>El asamble\u00edsta H\u00e9ctor Mu\u00f1oz fue uno de los legisladores que propuso esta enmienda. El prop\u00f3sito es limitar las facultades del Consejo de Participaci\u00f3n para la designaci\u00f3n de autoridades de control y de justicia.<\/p>\n<p>Y que esta responsabilidad sea asumida por la Asamblea a trav\u00e9s de un concurso y con impugnaciones p\u00fablicas. Este cambio es destacado por la parlamentaria Wilma Andrade, de la Izquierda Democr\u00e1tica, quien tambi\u00e9n propuso la reforma del Consejo de Participaci\u00f3n.<\/p>\n<p>Para ella, crear una comisi\u00f3n que transparente la elecci\u00f3n de las autoridades ayudar\u00e1 a que mejores candidatos participen en estos procesos de selecci\u00f3n.<\/p>\n<p>En cambio, Mu\u00f1oz cree que incluir una regulaci\u00f3n en la Constituci\u00f3n es un error, que deber\u00e1 ser tratado por los miembros de la comisi\u00f3n ocasional.<\/p>\n<p>Para \u00e9l tambi\u00e9n es importante que se trabaje con rapidez a fin de cumplir con los plazos previstos para enmendar la Constituci\u00f3n.<\/p>\n<p>En el mejor de los escenarios el cambio ser\u00eda aprobado en enero de 2021. Esto ocurre porque los legisladores deber\u00e1n esperar un a\u00f1o y un mes entre el primer y segundo y definitivo debate.<\/p>\n<p>Esta enmienda no interrumpe la\u00a0 recolecci\u00f3n de firmas que realizan dos colectivos para eliminar el Consejo de Participaci\u00f3n con\u00a0 un refer\u00e9ndum. (I)<\/p>\n<p><strong>Fuente:\u00a0<\/strong><a href=\"https:\/\/www.eltelegrafo.com.ec\/noticias\/politica\/3\/siete-legisladores-prepararan-reforma-sobre-participacion\">https:\/\/www.eltelegrafo.com.ec\/noticias\/politica\/3\/siete-legisladores-prepararan-reforma-sobre-participacion<\/a><\/p>\n","protected":false},"excerpt":{"rendered":"<p>Ning\u00fan representante de la bancada de la Revoluci\u00f3n Ciudadana participar\u00e1 en la comisi\u00f3n que preparar\u00e1 la reforma del Consejo de<\/p>\n","protected":false},"author":1,"featured_media":695,"comment_status":"closed","ping_status":"closed","sticky":false,"template":"","format":"standard","meta":{"colormag_page_container_layout":"default_layout","colormag_page_sidebar_layout":"default_layout","footnotes":""},"categories":[5],"tags":[],"class_list":["post-694","post","type-post","status-publish","format-standard","has-post-thumbnail","hentry","category-noticias"],"_links":{"self":[{"href":"https:\/\/90-9fm.com\/wp\/wp-json\/wp\/v2\/posts\/694","targetHints":{"allow":["GET"]}}],"collection":[{"href":"https:\/\/90-9fm.com\/wp\/wp-json\/wp\/v2\/posts"}],"about":[{"href":"https:\/\/90-9fm.com\/wp\/wp-json\/wp\/v2\/types\/post"}],"author":[{"embeddable":true,"href":"https:\/\/90-9fm.com\/wp\/wp-json\/wp\/v2\/users\/1"}],"replies":[{"embeddable":true,"href":"https:\/\/90-9fm.com\/wp\/wp-json\/wp\/v2\/comments?post=694"}],"version-history":[{"count":1,"href":"https:\/\/90-9fm.com\/wp\/wp-json\/wp\/v2\/posts\/694\/revisions"}],"predecessor-version":[{"id":696,"href":"https:\/\/90-9fm.com\/wp\/wp-json\/wp\/v2\/posts\/694\/revisions\/696"}],"wp:featuredmedia":[{"embeddable":true,"href":"https:\/\/90-9fm.com\/wp\/wp-json\/wp\/v2\/media\/695"}],"wp:attachment":[{"href":"https:\/\/90-9fm.com\/wp\/wp-json\/wp\/v2\/media?parent=694"}],"wp:term":[{"taxonomy":"category","embeddable":true,"href":"https:\/\/90-9fm.com\/wp\/wp-json\/wp\/v2\/categories?post=694"},{"taxonomy":"post_tag","embeddable":true,"href":"https:\/\/90-9fm.com\/wp\/wp-json\/wp\/v2\/tags?post=694"}],"curies":[{"name":"wp","href":"https:\/\/api.w.org\/{rel}","templated":true}]}}