{"id":829,"date":"2020-09-08T16:45:44","date_gmt":"2020-09-08T16:45:44","guid":{"rendered":"http:\/\/90-9fm.com\/wp\/?p=829"},"modified":"2020-09-08T16:45:44","modified_gmt":"2020-09-08T16:45:44","slug":"la-oms-recuerda-que-la-salud-no-es-un-articulo-de-lujo-y-pide-a-los-paises-invertir-en-sanidad-publica","status":"publish","type":"post","link":"https:\/\/90-9fm.com\/wp\/2020\/09\/08\/la-oms-recuerda-que-la-salud-no-es-un-articulo-de-lujo-y-pide-a-los-paises-invertir-en-sanidad-publica\/","title":{"rendered":"La OMS recuerda que la salud \u00abno es un art\u00edculo de lujo\u00bb y pide a los pa\u00edses invertir en sanidad p\u00fablica"},"content":{"rendered":"<p>El director general de la Organizaci\u00f3n Mundial de la Salud (OMS), Tedros Adhanom, ha recordado que la salud \u00abno es un art\u00edculo de lujo\u00bb para quienes pueden pagarla, sino que es una necesidad y un derecho humano, por lo que ha pedido a los pa\u00edses aumentar la inversi\u00f3n en sanidad p\u00fablica.<\/p>\n<p>\u00abLa salud p\u00fablica es la base de la estabilidad social, econ\u00f3mica y pol\u00edtica. Eso significa invertir en servicios basados en la poblaci\u00f3n para prevenir, detectar y responder a las enfermedades\u00bb, ha dicho Tedros en una rueda de prensa.<\/p>\n<p><!--more--><\/p>\n<p>Y es que, tal y como ha avisado, la pandemia del Covid-19 no va a ser la \u00ab\u00faltima\u00bb dado que la historia de la humanidad ha evidenciado que las pandemias \u00abson una realidad\u00bb, si bien ha destacado la necesidad de que el mundo est\u00e9 mejor preparado para enfrentarse a futuras crisis sanitarias.<\/p>\n<p>En este sentido, el director general de la OMS ha lamentado que en los \u00faltimos a\u00f1os \u00abdemasiados\u00bb pa\u00edses hayan \u00abdescuidado\u00bb sus sistemas sanitarios m\u00e1s b\u00e1sicos, los cuales son la \u00abbase\u00bb para responder a posibles brotes de enfermedades infecciosas. \u00abParte del compromiso de cada pa\u00eds para reconstruir mejor debe ser invertir en salud p\u00fablica, como una inversi\u00f3n en un futuro m\u00e1s saludable y seguro\u00bb, ha dicho.<\/p>\n<p>Adem\u00e1s, Tedros ha destacado la labor realizada por algunos pa\u00edses, como por ejemplo Espa\u00f1a, Italia o Mongolia, en la lucha contra la transmisi\u00f3n del nuevo coronavirus. \u00abMuchos de estos pa\u00edses lo han hecho bien porque aprendieron lecciones de brotes anteriores de SARS, MERS, sarampi\u00f3n, polio, \u00e9bola, gripe y otras enfermedades. Por eso es vital que todos aprendamos las lecciones que nos est\u00e1 ense\u00f1ando esta pandemia\u00bb, ha recalcado.<\/p>\n<p>Por todo ello, el director general de la OMS ha pedido a todos los pa\u00edses que inviertan en salud p\u00fablica y, especialmente, en los servicios de Atenci\u00f3n Primaria. En este sentido, ha informado de este martes va a comenzar a andar el Comit\u00e9 de Revisi\u00f3n del Reglamento Sanitario Internacional, el cual evaluar\u00e1 el funcionamiento del Reglamento Sanitario Internacional durante la pandemia, y recomendar\u00e1 cualquier cambio que crea necesario. (I)<\/p>\n<p><strong>Fuente:<\/strong>\u00a0<a href=\"https:\/\/www.eltelegrafo.com.ec\/noticias\/sociedad\/6\/oms-salud-articulo-lujo-paises-invertir-sanidad-publica\">https:\/\/www.eltelegrafo.com.ec\/noticias\/sociedad\/6\/oms-salud-articulo-lujo-paises-invertir-sanidad-publica<\/a><\/p>\n","protected":false},"excerpt":{"rendered":"<p>El director general de la Organizaci\u00f3n Mundial de la Salud (OMS), Tedros Adhanom, ha recordado que la salud \u00abno es<\/p>\n","protected":false},"author":1,"featured_media":830,"comment_status":"closed","ping_status":"closed","sticky":false,"template":"","format":"standard","meta":{"colormag_page_container_layout":"default_layout","colormag_page_sidebar_layout":"default_layout","footnotes":""},"categories":[13],"tags":[],"class_list":["post-829","post","type-post","status-publish","format-standard","has-post-thumbnail","hentry","category-destacados"],"_links":{"self":[{"href":"https:\/\/90-9fm.com\/wp\/wp-json\/wp\/v2\/posts\/829","targetHints":{"allow":["GET"]}}],"collection":[{"href":"https:\/\/90-9fm.com\/wp\/wp-json\/wp\/v2\/posts"}],"about":[{"href":"https:\/\/90-9fm.com\/wp\/wp-json\/wp\/v2\/types\/post"}],"author":[{"embeddable":true,"href":"https:\/\/90-9fm.com\/wp\/wp-json\/wp\/v2\/users\/1"}],"replies":[{"embeddable":true,"href":"https:\/\/90-9fm.com\/wp\/wp-json\/wp\/v2\/comments?post=829"}],"version-history":[{"count":1,"href":"https:\/\/90-9fm.com\/wp\/wp-json\/wp\/v2\/posts\/829\/revisions"}],"predecessor-version":[{"id":831,"href":"https:\/\/90-9fm.com\/wp\/wp-json\/wp\/v2\/posts\/829\/revisions\/831"}],"wp:featuredmedia":[{"embeddable":true,"href":"https:\/\/90-9fm.com\/wp\/wp-json\/wp\/v2\/media\/830"}],"wp:attachment":[{"href":"https:\/\/90-9fm.com\/wp\/wp-json\/wp\/v2\/media?parent=829"}],"wp:term":[{"taxonomy":"category","embeddable":true,"href":"https:\/\/90-9fm.com\/wp\/wp-json\/wp\/v2\/categories?post=829"},{"taxonomy":"post_tag","embeddable":true,"href":"https:\/\/90-9fm.com\/wp\/wp-json\/wp\/v2\/tags?post=829"}],"curies":[{"name":"wp","href":"https:\/\/api.w.org\/{rel}","templated":true}]}}